{"id":2918,"date":"2019-12-30T11:00:02","date_gmt":"2019-12-30T10:00:02","guid":{"rendered":"https:\/\/www.numerus21.fr\/?p=2918"},"modified":"2019-12-30T11:00:44","modified_gmt":"2019-12-30T10:00:44","slug":"rachat-de-covage-par-sfr-les-operateurs-alternatifs-craignent-que-le-remede-soit-pire-que-le-mal","status":"publish","type":"post","link":"https:\/\/www.numerus21.fr\/en\/rachat-de-covage-par-sfr-les-operateurs-alternatifs-craignent-que-le-remede-soit-pire-que-le-mal\/","title":{"rendered":"Rachat de Covage par SFR : les op\u00e9rateurs alternatifs craignent que le \u201crem\u00e8de\u201d soit \u201cpire que le mal\u201d"},"content":{"rendered":"<p><strong>Avec le rachat de Covage par SFR FTTH, les op\u00e9rateurs alternatifs craignent un d\u00e9s\u00e9quilibre en termes de concurrence dans les zones moins denses. Ils r\u00e9clament ainsi des garanties de la part de nouvelle entit\u00e9 issue de ce rapprochement.<\/strong><\/p>\n\n\n\n<p>Cette semaine, Altice Europe a annonc\u00e9&nbsp;<a href=\"https:\/\/www.universfreebox.com\/article\/53069\/altice-sfr-s-empare-de-l-operateur-d-infrastructure-covage\">l\u2019entr\u00e9e en n\u00e9gociations exclusives de sa filiale SFR<\/a><a href=\"https:\/\/www.universfreebox.com\/article2189.html\">&nbsp;FTTH&nbsp;<\/a>avec les actionnaires de Covage pour l\u2019acquisition de 100% de l\u2019op\u00e9rateur d\u2019infrastructures.&nbsp;Une op\u00e9ration \u00e0 1 milliard d\u2019euros. Dans la foul\u00e9e, l\u2019AOTA (Association des Op\u00e9rateurs T\u00e9l\u00e9coms Alternatifs) a affich\u00e9 ses craintes autour de cette acquisition. Selon elle, il se pourrait que&nbsp;<em>\u201cle rem\u00e8de\u201d soit \u201cpire que le mal\u201d<\/em>.<\/p>\n\n\n\n<p>Pour l\u2019AOTA, les mouvements de concentration dans un secteur visant faire des \u00e9conomies d\u2019\u00e9chelle et de processus sont souhaitables, afin notamment d\u2019am\u00e9liorer la qualit\u00e9 de service. Toutefois, elle souhaite que la vigilance soit de mise pour \u00e9viter que la concentration n\u2019entrave finalement la concurrence en d\u00e9gradant les&nbsp;<em>\u201cconditions d\u2019acc\u00e8s aux r\u00e9seaux fibre optique\u201d<\/em>&nbsp;dans les zones moins denses.&nbsp;Il s\u2019agit&nbsp;de pr\u00e9server l\u2019<em>\u201cint\u00e9r\u00eat des clients entreprises et collectivit\u00e9s\u201d.<\/em>&nbsp;L\u2019association rappelle en effet l\u2019<em>\u201cintensit\u00e9 concurrentielle d\u00e9j\u00e0 fragile sur le march\u00e9 entreprises et collectivit\u00e9s\u201d<\/em>.<\/p>\n\n\n\n<p>L\u2019AOTA r\u00e9clame ainsi des garanties concernant la conservation de l\u2019\u00e9ventail actuel d\u2019offres\u00a0de gros et\u00a0sur la conservation des conditions initiales pour les commandes en cours. Elle demande \u00e9galement \u00e0 ce que des\u00a0<em>\u201cgaranties efficientes de non-discrimination soient apport\u00e9es par la nouvelle entit\u00e9, pour s\u2019assurer que les op\u00e9rateurs clients des offres de gros ne soient pas d\u00e9savantag\u00e9s par rapport aux propres services de d\u00e9tail de la nouvelle entit\u00e9\u201d<\/em>, mais aussi \u00e0 ce que\u00a0<em>\u201cdes garanties soient apport\u00e9es en mati\u00e8re d\u2019interdiction de partage d\u2019informations entre l\u2019entit\u00e9 intervenant sur les RIP et l\u2019entit\u00e9 intervenant sur les march\u00e9s de d\u00e9tail\u201d<\/em>.<\/p>\n\n\n\n<p>source :  <a href=\"https:\/\/www.universfreebox.com\/article\/53129\/rachat-de-covage-par-sfr-les-operateurs-alternatifs-craignent-que-le-remede-soit-pire-que-le-mal\">https:\/\/www.universfreebox.com\/article\/53129\/rachat-de-covage-par-sfr-les-operateurs-alternatifs-craignent-que-le-remede-soit-pire-que-le-mal<\/a> <\/p>","protected":false},"excerpt":{"rendered":"<p>Avec le rachat de Covage par SFR FTTH, les op\u00e9rateurs alternatifs craignent un d\u00e9s\u00e9quilibre en termes de concurrence dans les zones moins denses. Ils r\u00e9clament ainsi des garanties de la part de nouvelle entit\u00e9 issue de ce rapprochement. Cette semaine, Altice Europe a annonc\u00e9&nbsp;l\u2019entr\u00e9e en n\u00e9gociations exclusives de sa filiale SFR&nbsp;FTTH&nbsp;avec les actionnaires de Covage [&hellip;]<\/p>","protected":false},"author":1,"featured_media":2922,"comment_status":"open","ping_status":"open","sticky":false,"template":"","format":"standard","meta":{"footnotes":""},"categories":[1],"tags":[],"class_list":["post-2918","post","type-post","status-publish","format-standard","has-post-thumbnail","hentry","category-non-classe"],"yoast_head":"<!-- This site is optimized with the Yoast SEO plugin v24.6 - https:\/\/yoast.com\/wordpress\/plugins\/seo\/ -->\n<title>Rachat de Covage par SFR : les op\u00e9rateurs alternatifs craignent que le \u201crem\u00e8de\u201d soit \u201cpire que le mal\u201d &#8902; Numerus21.fr<\/title>\n<meta name=\"robots\" content=\"index, follow, max-snippet:-1, max-image-preview:large, max-video-preview:-1\" \/>\n<link rel=\"canonical\" href=\"https:\/\/www.numerus21.fr\/en\/rachat-de-covage-par-sfr-les-operateurs-alternatifs-craignent-que-le-remede-soit-pire-que-le-mal\/\" \/>\n<meta property=\"og:locale\" content=\"en_US\" \/>\n<meta property=\"og:type\" content=\"article\" \/>\n<meta property=\"og:title\" content=\"Rachat de Covage par SFR : les op\u00e9rateurs alternatifs craignent que le \u201crem\u00e8de\u201d soit \u201cpire que le mal\u201d &#8902; Numerus21.fr\" \/>\n<meta property=\"og:description\" content=\"Avec le rachat de Covage par SFR FTTH, les op\u00e9rateurs alternatifs craignent un d\u00e9s\u00e9quilibre en termes de concurrence dans les zones moins denses. Ils r\u00e9clament ainsi des garanties de la part de nouvelle entit\u00e9 issue de ce rapprochement. Cette semaine, Altice Europe a annonc\u00e9&nbsp;l\u2019entr\u00e9e en n\u00e9gociations exclusives de sa filiale SFR&nbsp;FTTH&nbsp;avec les actionnaires de Covage [&hellip;]\" \/>\n<meta property=\"og:url\" content=\"https:\/\/www.numerus21.fr\/en\/rachat-de-covage-par-sfr-les-operateurs-alternatifs-craignent-que-le-remede-soit-pire-que-le-mal\/\" \/>\n<meta property=\"og:site_name\" content=\"Numerus21.fr\" \/>\n<meta property=\"article:published_time\" content=\"2019-12-30T10:00:02+00:00\" \/>\n<meta property=\"article:modified_time\" content=\"2019-12-30T10:00:44+00:00\" \/>\n<meta property=\"og:image\" content=\"https:\/\/www.numerus21.fr\/wp-content\/uploads\/2019\/12\/altice-sfr-800x450-c-default.jpg\" \/>\n\t<meta property=\"og:image:width\" content=\"800\" \/>\n\t<meta property=\"og:image:height\" content=\"450\" \/>\n\t<meta property=\"og:image:type\" content=\"image\/jpeg\" \/>\n<meta name=\"author\" content=\"Numerus21\" \/>\n<meta name=\"twitter:card\" content=\"summary_large_image\" \/>\n<meta name=\"twitter:label1\" content=\"Written by\" \/>\n\t<meta name=\"twitter:data1\" content=\"Numerus21\" \/>\n\t<meta name=\"twitter:label2\" content=\"Est. reading time\" \/>\n\t<meta name=\"twitter:data2\" content=\"2 minutes\" \/>\n<script type=\"application\/ld+json\" class=\"yoast-schema-graph\">{\"@context\":\"https:\/\/schema.org\",\"@graph\":[{\"@type\":\"Article\",\"@id\":\"https:\/\/www.numerus21.fr\/rachat-de-covage-par-sfr-les-operateurs-alternatifs-craignent-que-le-remede-soit-pire-que-le-mal\/#article\",\"isPartOf\":{\"@id\":\"https:\/\/www.numerus21.fr\/rachat-de-covage-par-sfr-les-operateurs-alternatifs-craignent-que-le-remede-soit-pire-que-le-mal\/\"},\"author\":{\"name\":\"Numerus21\",\"@id\":\"https:\/\/www.numerus21.fr\/#\/schema\/person\/d386db7a1d58d3719cb6290f40e3a372\"},\"headline\":\"Rachat de Covage par SFR : les op\u00e9rateurs alternatifs craignent que le \u201crem\u00e8de\u201d soit \u201cpire que le mal\u201d\",\"datePublished\":\"2019-12-30T10:00:02+00:00\",\"dateModified\":\"2019-12-30T10:00:44+00:00\",\"mainEntityOfPage\":{\"@id\":\"https:\/\/www.numerus21.fr\/rachat-de-covage-par-sfr-les-operateurs-alternatifs-craignent-que-le-remede-soit-pire-que-le-mal\/\"},\"wordCount\":367,\"commentCount\":0,\"publisher\":{\"@id\":\"https:\/\/www.numerus21.fr\/#organization\"},\"image\":{\"@id\":\"https:\/\/www.numerus21.fr\/rachat-de-covage-par-sfr-les-operateurs-alternatifs-craignent-que-le-remede-soit-pire-que-le-mal\/#primaryimage\"},\"thumbnailUrl\":\"https:\/\/www.numerus21.fr\/wp-content\/uploads\/2019\/12\/altice-sfr-800x450-c-default.jpg\",\"articleSection\":[\"Non class\u00e9\"],\"inLanguage\":\"en-US\",\"potentialAction\":[{\"@type\":\"CommentAction\",\"name\":\"Comment\",\"target\":[\"https:\/\/www.numerus21.fr\/rachat-de-covage-par-sfr-les-operateurs-alternatifs-craignent-que-le-remede-soit-pire-que-le-mal\/#respond\"]}]},{\"@type\":\"WebPage\",\"@id\":\"https:\/\/www.numerus21.fr\/rachat-de-covage-par-sfr-les-operateurs-alternatifs-craignent-que-le-remede-soit-pire-que-le-mal\/\",\"url\":\"https:\/\/www.numerus21.fr\/rachat-de-covage-par-sfr-les-operateurs-alternatifs-craignent-que-le-remede-soit-pire-que-le-mal\/\",\"name\":\"Rachat de Covage par SFR : les op\u00e9rateurs alternatifs craignent que le \u201crem\u00e8de\u201d soit \u201cpire que le mal\u201d &#8902; Numerus21.fr\",\"isPartOf\":{\"@id\":\"https:\/\/www.numerus21.fr\/#website\"},\"primaryImageOfPage\":{\"@id\":\"https:\/\/www.numerus21.fr\/rachat-de-covage-par-sfr-les-operateurs-alternatifs-craignent-que-le-remede-soit-pire-que-le-mal\/#primaryimage\"},\"image\":{\"@id\":\"https:\/\/www.numerus21.fr\/rachat-de-covage-par-sfr-les-operateurs-alternatifs-craignent-que-le-remede-soit-pire-que-le-mal\/#primaryimage\"},\"thumbnailUrl\":\"https:\/\/www.numerus21.fr\/wp-content\/uploads\/2019\/12\/altice-sfr-800x450-c-default.jpg\",\"datePublished\":\"2019-12-30T10:00:02+00:00\",\"dateModified\":\"2019-12-30T10:00:44+00:00\",\"breadcrumb\":{\"@id\":\"https:\/\/www.numerus21.fr\/rachat-de-covage-par-sfr-les-operateurs-alternatifs-craignent-que-le-remede-soit-pire-que-le-mal\/#breadcrumb\"},\"inLanguage\":\"en-US\",\"potentialAction\":[{\"@type\":\"ReadAction\",\"target\":[\"https:\/\/www.numerus21.fr\/rachat-de-covage-par-sfr-les-operateurs-alternatifs-craignent-que-le-remede-soit-pire-que-le-mal\/\"]}]},{\"@type\":\"ImageObject\",\"inLanguage\":\"en-US\",\"@id\":\"https:\/\/www.numerus21.fr\/rachat-de-covage-par-sfr-les-operateurs-alternatifs-craignent-que-le-remede-soit-pire-que-le-mal\/#primaryimage\",\"url\":\"https:\/\/www.numerus21.fr\/wp-content\/uploads\/2019\/12\/altice-sfr-800x450-c-default.jpg\",\"contentUrl\":\"https:\/\/www.numerus21.fr\/wp-content\/uploads\/2019\/12\/altice-sfr-800x450-c-default.jpg\",\"width\":800,\"height\":450},{\"@type\":\"BreadcrumbList\",\"@id\":\"https:\/\/www.numerus21.fr\/rachat-de-covage-par-sfr-les-operateurs-alternatifs-craignent-que-le-remede-soit-pire-que-le-mal\/#breadcrumb\",\"itemListElement\":[{\"@type\":\"ListItem\",\"position\":1,\"name\":\"Accueil\",\"item\":\"https:\/\/www.numerus21.fr\/\"},{\"@type\":\"ListItem\",\"position\":2,\"name\":\"Rachat de Covage par SFR : les op\u00e9rateurs alternatifs craignent que le \u201crem\u00e8de\u201d soit \u201cpire que le mal\u201d\"}]},{\"@type\":\"WebSite\",\"@id\":\"https:\/\/www.numerus21.fr\/#website\",\"url\":\"https:\/\/www.numerus21.fr\/\",\"name\":\"Numerus21.fr\",\"description\":\"R\u00e9seaux &amp; T\u00e9l\u00e9coms\",\"publisher\":{\"@id\":\"https:\/\/www.numerus21.fr\/#organization\"},\"potentialAction\":[{\"@type\":\"SearchAction\",\"target\":{\"@type\":\"EntryPoint\",\"urlTemplate\":\"https:\/\/www.numerus21.fr\/?s={search_term_string}\"},\"query-input\":{\"@type\":\"PropertyValueSpecification\",\"valueRequired\":true,\"valueName\":\"search_term_string\"}}],\"inLanguage\":\"en-US\"},{\"@type\":\"Organization\",\"@id\":\"https:\/\/www.numerus21.fr\/#organization\",\"name\":\"numerus21\",\"url\":\"https:\/\/www.numerus21.fr\/\",\"logo\":{\"@type\":\"ImageObject\",\"inLanguage\":\"en-US\",\"@id\":\"https:\/\/www.numerus21.fr\/#\/schema\/logo\/image\/\",\"url\":\"https:\/\/www.numerus21.fr\/wp-content\/uploads\/2019\/11\/logo.png\",\"contentUrl\":\"https:\/\/www.numerus21.fr\/wp-content\/uploads\/2019\/11\/logo.png\",\"width\":260,\"height\":84,\"caption\":\"numerus21\"},\"image\":{\"@id\":\"https:\/\/www.numerus21.fr\/#\/schema\/logo\/image\/\"}},{\"@type\":\"Person\",\"@id\":\"https:\/\/www.numerus21.fr\/#\/schema\/person\/d386db7a1d58d3719cb6290f40e3a372\",\"name\":\"Numerus21\",\"image\":{\"@type\":\"ImageObject\",\"inLanguage\":\"en-US\",\"@id\":\"https:\/\/www.numerus21.fr\/#\/schema\/person\/image\/\",\"url\":\"https:\/\/secure.gravatar.com\/avatar\/588d060fc617adb97f82b6621e541455?s=96&d=retro&r=g\",\"contentUrl\":\"https:\/\/secure.gravatar.com\/avatar\/588d060fc617adb97f82b6621e541455?s=96&d=retro&r=g\",\"caption\":\"Numerus21\"}}]}<\/script>\n<!-- \/ Yoast SEO plugin. -->","yoast_head_json":{"title":"Rachat de Covage par SFR : les op\u00e9rateurs alternatifs craignent que le \u201crem\u00e8de\u201d soit \u201cpire que le mal\u201d &#8902; Numerus21.fr","robots":{"index":"index","follow":"follow","max-snippet":"max-snippet:-1","max-image-preview":"max-image-preview:large","max-video-preview":"max-video-preview:-1"},"canonical":"https:\/\/www.numerus21.fr\/en\/rachat-de-covage-par-sfr-les-operateurs-alternatifs-craignent-que-le-remede-soit-pire-que-le-mal\/","og_locale":"en_US","og_type":"article","og_title":"Rachat de Covage par SFR : les op\u00e9rateurs alternatifs craignent que le \u201crem\u00e8de\u201d soit \u201cpire que le mal\u201d &#8902; Numerus21.fr","og_description":"Avec le rachat de Covage par SFR FTTH, les op\u00e9rateurs alternatifs craignent un d\u00e9s\u00e9quilibre en termes de concurrence dans les zones moins denses. Ils r\u00e9clament ainsi des garanties de la part de nouvelle entit\u00e9 issue de ce rapprochement. Cette semaine, Altice Europe a annonc\u00e9&nbsp;l\u2019entr\u00e9e en n\u00e9gociations exclusives de sa filiale SFR&nbsp;FTTH&nbsp;avec les actionnaires de Covage [&hellip;]","og_url":"https:\/\/www.numerus21.fr\/en\/rachat-de-covage-par-sfr-les-operateurs-alternatifs-craignent-que-le-remede-soit-pire-que-le-mal\/","og_site_name":"Numerus21.fr","article_published_time":"2019-12-30T10:00:02+00:00","article_modified_time":"2019-12-30T10:00:44+00:00","og_image":[{"width":800,"height":450,"url":"https:\/\/www.numerus21.fr\/wp-content\/uploads\/2019\/12\/altice-sfr-800x450-c-default.jpg","type":"image\/jpeg"}],"author":"Numerus21","twitter_card":"summary_large_image","twitter_misc":{"Written by":"Numerus21","Est. reading time":"2 minutes"},"schema":{"@context":"https:\/\/schema.org","@graph":[{"@type":"Article","@id":"https:\/\/www.numerus21.fr\/rachat-de-covage-par-sfr-les-operateurs-alternatifs-craignent-que-le-remede-soit-pire-que-le-mal\/#article","isPartOf":{"@id":"https:\/\/www.numerus21.fr\/rachat-de-covage-par-sfr-les-operateurs-alternatifs-craignent-que-le-remede-soit-pire-que-le-mal\/"},"author":{"name":"Numerus21","@id":"https:\/\/www.numerus21.fr\/#\/schema\/person\/d386db7a1d58d3719cb6290f40e3a372"},"headline":"Rachat de Covage par SFR : les op\u00e9rateurs alternatifs craignent que le \u201crem\u00e8de\u201d soit \u201cpire que le mal\u201d","datePublished":"2019-12-30T10:00:02+00:00","dateModified":"2019-12-30T10:00:44+00:00","mainEntityOfPage":{"@id":"https:\/\/www.numerus21.fr\/rachat-de-covage-par-sfr-les-operateurs-alternatifs-craignent-que-le-remede-soit-pire-que-le-mal\/"},"wordCount":367,"commentCount":0,"publisher":{"@id":"https:\/\/www.numerus21.fr\/#organization"},"image":{"@id":"https:\/\/www.numerus21.fr\/rachat-de-covage-par-sfr-les-operateurs-alternatifs-craignent-que-le-remede-soit-pire-que-le-mal\/#primaryimage"},"thumbnailUrl":"https:\/\/www.numerus21.fr\/wp-content\/uploads\/2019\/12\/altice-sfr-800x450-c-default.jpg","articleSection":["Non class\u00e9"],"inLanguage":"en-US","potentialAction":[{"@type":"CommentAction","name":"Comment","target":["https:\/\/www.numerus21.fr\/rachat-de-covage-par-sfr-les-operateurs-alternatifs-craignent-que-le-remede-soit-pire-que-le-mal\/#respond"]}]},{"@type":"WebPage","@id":"https:\/\/www.numerus21.fr\/rachat-de-covage-par-sfr-les-operateurs-alternatifs-craignent-que-le-remede-soit-pire-que-le-mal\/","url":"https:\/\/www.numerus21.fr\/rachat-de-covage-par-sfr-les-operateurs-alternatifs-craignent-que-le-remede-soit-pire-que-le-mal\/","name":"Rachat de Covage par SFR : les op\u00e9rateurs alternatifs craignent que le \u201crem\u00e8de\u201d soit \u201cpire que le mal\u201d &#8902; Numerus21.fr","isPartOf":{"@id":"https:\/\/www.numerus21.fr\/#website"},"primaryImageOfPage":{"@id":"https:\/\/www.numerus21.fr\/rachat-de-covage-par-sfr-les-operateurs-alternatifs-craignent-que-le-remede-soit-pire-que-le-mal\/#primaryimage"},"image":{"@id":"https:\/\/www.numerus21.fr\/rachat-de-covage-par-sfr-les-operateurs-alternatifs-craignent-que-le-remede-soit-pire-que-le-mal\/#primaryimage"},"thumbnailUrl":"https:\/\/www.numerus21.fr\/wp-content\/uploads\/2019\/12\/altice-sfr-800x450-c-default.jpg","datePublished":"2019-12-30T10:00:02+00:00","dateModified":"2019-12-30T10:00:44+00:00","breadcrumb":{"@id":"https:\/\/www.numerus21.fr\/rachat-de-covage-par-sfr-les-operateurs-alternatifs-craignent-que-le-remede-soit-pire-que-le-mal\/#breadcrumb"},"inLanguage":"en-US","potentialAction":[{"@type":"ReadAction","target":["https:\/\/www.numerus21.fr\/rachat-de-covage-par-sfr-les-operateurs-alternatifs-craignent-que-le-remede-soit-pire-que-le-mal\/"]}]},{"@type":"ImageObject","inLanguage":"en-US","@id":"https:\/\/www.numerus21.fr\/rachat-de-covage-par-sfr-les-operateurs-alternatifs-craignent-que-le-remede-soit-pire-que-le-mal\/#primaryimage","url":"https:\/\/www.numerus21.fr\/wp-content\/uploads\/2019\/12\/altice-sfr-800x450-c-default.jpg","contentUrl":"https:\/\/www.numerus21.fr\/wp-content\/uploads\/2019\/12\/altice-sfr-800x450-c-default.jpg","width":800,"height":450},{"@type":"BreadcrumbList","@id":"https:\/\/www.numerus21.fr\/rachat-de-covage-par-sfr-les-operateurs-alternatifs-craignent-que-le-remede-soit-pire-que-le-mal\/#breadcrumb","itemListElement":[{"@type":"ListItem","position":1,"name":"Accueil","item":"https:\/\/www.numerus21.fr\/"},{"@type":"ListItem","position":2,"name":"Rachat de Covage par SFR : les op\u00e9rateurs alternatifs craignent que le \u201crem\u00e8de\u201d soit \u201cpire que le mal\u201d"}]},{"@type":"WebSite","@id":"https:\/\/www.numerus21.fr\/#website","url":"https:\/\/www.numerus21.fr\/","name":"Numerus21.fr","description":"R\u00e9seaux &amp; T\u00e9l\u00e9coms","publisher":{"@id":"https:\/\/www.numerus21.fr\/#organization"},"potentialAction":[{"@type":"SearchAction","target":{"@type":"EntryPoint","urlTemplate":"https:\/\/www.numerus21.fr\/?s={search_term_string}"},"query-input":{"@type":"PropertyValueSpecification","valueRequired":true,"valueName":"search_term_string"}}],"inLanguage":"en-US"},{"@type":"Organization","@id":"https:\/\/www.numerus21.fr\/#organization","name":"numerus21","url":"https:\/\/www.numerus21.fr\/","logo":{"@type":"ImageObject","inLanguage":"en-US","@id":"https:\/\/www.numerus21.fr\/#\/schema\/logo\/image\/","url":"https:\/\/www.numerus21.fr\/wp-content\/uploads\/2019\/11\/logo.png","contentUrl":"https:\/\/www.numerus21.fr\/wp-content\/uploads\/2019\/11\/logo.png","width":260,"height":84,"caption":"numerus21"},"image":{"@id":"https:\/\/www.numerus21.fr\/#\/schema\/logo\/image\/"}},{"@type":"Person","@id":"https:\/\/www.numerus21.fr\/#\/schema\/person\/d386db7a1d58d3719cb6290f40e3a372","name":"Numerus21","image":{"@type":"ImageObject","inLanguage":"en-US","@id":"https:\/\/www.numerus21.fr\/#\/schema\/person\/image\/","url":"https:\/\/secure.gravatar.com\/avatar\/588d060fc617adb97f82b6621e541455?s=96&d=retro&r=g","contentUrl":"https:\/\/secure.gravatar.com\/avatar\/588d060fc617adb97f82b6621e541455?s=96&d=retro&r=g","caption":"Numerus21"}}]}},"_links":{"self":[{"href":"https:\/\/www.numerus21.fr\/en\/wp-json\/wp\/v2\/posts\/2918","targetHints":{"allow":["GET"]}}],"collection":[{"href":"https:\/\/www.numerus21.fr\/en\/wp-json\/wp\/v2\/posts"}],"about":[{"href":"https:\/\/www.numerus21.fr\/en\/wp-json\/wp\/v2\/types\/post"}],"author":[{"embeddable":true,"href":"https:\/\/www.numerus21.fr\/en\/wp-json\/wp\/v2\/users\/1"}],"replies":[{"embeddable":true,"href":"https:\/\/www.numerus21.fr\/en\/wp-json\/wp\/v2\/comments?post=2918"}],"version-history":[{"count":1,"href":"https:\/\/www.numerus21.fr\/en\/wp-json\/wp\/v2\/posts\/2918\/revisions"}],"predecessor-version":[{"id":2920,"href":"https:\/\/www.numerus21.fr\/en\/wp-json\/wp\/v2\/posts\/2918\/revisions\/2920"}],"wp:featuredmedia":[{"embeddable":true,"href":"https:\/\/www.numerus21.fr\/en\/wp-json\/wp\/v2\/media\/2922"}],"wp:attachment":[{"href":"https:\/\/www.numerus21.fr\/en\/wp-json\/wp\/v2\/media?parent=2918"}],"wp:term":[{"taxonomy":"category","embeddable":true,"href":"https:\/\/www.numerus21.fr\/en\/wp-json\/wp\/v2\/categories?post=2918"},{"taxonomy":"post_tag","embeddable":true,"href":"https:\/\/www.numerus21.fr\/en\/wp-json\/wp\/v2\/tags?post=2918"}],"curies":[{"name":"wp","href":"https:\/\/api.w.org\/{rel}","templated":true}]}}