{"id":2923,"date":"2019-12-30T11:03:06","date_gmt":"2019-12-30T10:03:06","guid":{"rendered":"https:\/\/www.numerus21.fr\/?p=2923"},"modified":"2019-12-30T11:03:08","modified_gmt":"2019-12-30T10:03:08","slug":"5g-le-lancement-en-france-est-fixe-a-juin-2020","status":"publish","type":"post","link":"https:\/\/www.numerus21.fr\/en\/5g-le-lancement-en-france-est-fixe-a-juin-2020\/","title":{"rendered":"5G : le lancement en France est fix\u00e9 \u00e0 juin 2020"},"content":{"rendered":"<p><strong>La 5G ne sera finalement disponible en France qu\u2019\u00e0 partir du mois de juin 2020, annonce le Minist\u00e8re de l\u2019\u00e9conomie et des finances. L\u2019attribution des fr\u00e9quences a en effet \u00e9t\u00e9 report\u00e9 de plusieurs mois. Dans ces conditions, Orange, Free Mobile, SFR et Bouygues T\u00e9l\u00e9com ne pourront pas lancer les premi\u00e8res offres 5G avant la seconde moiti\u00e9 de l\u2019ann\u00e9e prochaine.\u00a0<\/strong><br><\/p>\n\n\n\n<p><em>\u00ab&nbsp;Le processus d\u2019attribution sera officiellement lanc\u00e9 d\u2019ici la fin de l\u2019automne 2019, en vue d\u2019une attribution finale des fr\u00e9quences d\u2019ici juin 2020&nbsp;\u00bb<\/em>&nbsp;d\u00e9clare le Minist\u00e8re de l\u2019\u00e9conomie et des finances&nbsp;dans un communiqu\u00e9. Les ench\u00e8res initialement pr\u00e9vues pour janvier 2020, puis&nbsp;<a href=\"https:\/\/www.phonandroid.com\/encheres-5g-attribution-frequences-finalement-repoussee-mars-2020.html\">le mois de mars 2020<\/a>, ne seront finalement organis\u00e9es que trois mois plus tard.<\/p>\n\n\n\n<p>Agn\u00e8s Pannier-Runacher, secr\u00e9taire d\u2019Etat aupr\u00e8s du ministre de l\u2019Economie et des Finances, explique ce nouveau retard par&nbsp;<strong>les modalit\u00e9s d\u2019attribution fix\u00e9e par l\u2019Arcep<\/strong>. Les n\u00e9gociations entre le gendarme des t\u00e9l\u00e9coms et le gouvernement ont visiblement pi\u00e9tin\u00e9 pendant plusieurs semaines. \u00ab<em>Ces modalit\u00e9s d\u2019attribution, \u00e9labor\u00e9es avec l\u2019ARCEP, constituent un m\u00e9canisme in\u00e9dit en Europe: nous fixons des engagements de couverture en 5G bien plus ambitieux que dans d\u2019autres pays, tout en valorisant correctement les fr\u00e9quences, qui sont le patrimoine des Fran\u00e7ais<\/em>\u00bb explique Agn\u00e8s Pannier-Runacher.<\/p>\n\n\n\n<p><strong>Lire \u00e9galement :&nbsp;<\/strong><a href=\"https:\/\/www.phonandroid.com\/encheres-5g-voici-les-regles-quorange-free-sfr-et-bouygues-devront-respecter.html\"><strong>Ench\u00e8res 5G \u2013 voici les r\u00e8gles qu\u2019Orange, Free, SFR et Bouygues devront respecter<\/strong><\/a><\/p>\n\n\n\n<p>D\u2019ici la fin de l\u2019automne (soit le 21 d\u00e9cembre), le gouvernement va approuver\u00a0<em>\u00ab\u00a0par arr\u00eat\u00e9 ces modalit\u00e9s d\u2019attribution et en fixer les conditions financi\u00e8res\u00a0\u00bb.\u00a0<\/em>Dans la foul\u00e9e, le communiqu\u00e9 a pr\u00e9cis\u00e9\u00a0<strong>les redevances qui seront exigibles<\/strong>\u00a0au titre de l\u2019utilisation de ces fr\u00e9quences 5G par les op\u00e9rateurs. Sans surprise, il s\u2019agit de conditions similaire \u00e0 celles fix\u00e9es lors du lancement de la 4G.<\/p>\n\n\n\n<p>Le lancement commercial\u00a0<a href=\"https:\/\/www.phonandroid.com\/5g-tout-savoir-reseau-futur.html\">de la 5G en France<\/a>\u00a0va donc prendre un<strong>\u00a0important retard<\/strong>\u00a0au grand dam des op\u00e9rateurs fran\u00e7ais. Les premi\u00e8res offres commerciales ne sont pas attendues avant le deuxi\u00e8me semestre de 2020. Il y a quelques mois,\u00a0<a href=\"https:\/\/www.phonandroid.com\/orange-lancera-5g-france-printemps-2020.html\">Orange se disait pr\u00eat \u00e0 lancer les premiers forfaits 5G d\u00e8s le printemps 2020<\/a>. Les op\u00e9rateurs n\u2019ont pas encore r\u00e9agi \u00e0 ce nouveau report.<\/p>\n\n\n\n<p>source :  <a href=\"https:\/\/www.phonandroid.com\/5g-lancement-france-reporte-juin-2020.html\">https:\/\/www.phonandroid.com\/5g-lancement-france-reporte-juin-2020.html<\/a> <\/p>","protected":false},"excerpt":{"rendered":"<p>La 5G ne sera finalement disponible en France qu\u2019\u00e0 partir du mois de juin 2020, annonce le Minist\u00e8re de l\u2019\u00e9conomie et des finances. L\u2019attribution des fr\u00e9quences a en effet \u00e9t\u00e9 report\u00e9 de plusieurs mois. Dans ces conditions, Orange, Free Mobile, SFR et Bouygues T\u00e9l\u00e9com ne pourront pas lancer les premi\u00e8res offres 5G avant la seconde [&hellip;]<\/p>","protected":false},"author":1,"featured_media":2925,"comment_status":"open","ping_status":"open","sticky":false,"template":"","format":"standard","meta":{"footnotes":""},"categories":[1],"tags":[],"class_list":["post-2923","post","type-post","status-publish","format-standard","has-post-thumbnail","hentry","category-non-classe"],"yoast_head":"<!-- This site is optimized with the Yoast SEO plugin v24.6 - https:\/\/yoast.com\/wordpress\/plugins\/seo\/ -->\n<title>5G : le lancement en France est fix\u00e9 \u00e0 juin 2020 &#8902; Numerus21.fr<\/title>\n<meta name=\"robots\" content=\"index, follow, max-snippet:-1, max-image-preview:large, max-video-preview:-1\" \/>\n<link rel=\"canonical\" href=\"https:\/\/www.numerus21.fr\/en\/5g-le-lancement-en-france-est-fixe-a-juin-2020\/\" \/>\n<meta property=\"og:locale\" content=\"en_US\" \/>\n<meta property=\"og:type\" content=\"article\" \/>\n<meta property=\"og:title\" content=\"5G : le lancement en France est fix\u00e9 \u00e0 juin 2020 &#8902; Numerus21.fr\" \/>\n<meta property=\"og:description\" content=\"La 5G ne sera finalement disponible en France qu\u2019\u00e0 partir du mois de juin 2020, annonce le Minist\u00e8re de l\u2019\u00e9conomie et des finances. L\u2019attribution des fr\u00e9quences a en effet \u00e9t\u00e9 report\u00e9 de plusieurs mois. Dans ces conditions, Orange, Free Mobile, SFR et Bouygues T\u00e9l\u00e9com ne pourront pas lancer les premi\u00e8res offres 5G avant la seconde [&hellip;]\" \/>\n<meta property=\"og:url\" content=\"https:\/\/www.numerus21.fr\/en\/5g-le-lancement-en-france-est-fixe-a-juin-2020\/\" \/>\n<meta property=\"og:site_name\" content=\"Numerus21.fr\" \/>\n<meta property=\"article:published_time\" content=\"2019-12-30T10:03:06+00:00\" \/>\n<meta property=\"article:modified_time\" content=\"2019-12-30T10:03:08+00:00\" \/>\n<meta property=\"og:image\" content=\"https:\/\/www.numerus21.fr\/wp-content\/uploads\/2019\/12\/5g-lancement-france-report\u00e9-juin-2020.jpg\" \/>\n\t<meta property=\"og:image:width\" content=\"840\" \/>\n\t<meta property=\"og:image:height\" content=\"525\" \/>\n\t<meta property=\"og:image:type\" content=\"image\/jpeg\" \/>\n<meta name=\"author\" content=\"Numerus21\" \/>\n<meta name=\"twitter:card\" content=\"summary_large_image\" \/>\n<meta name=\"twitter:label1\" content=\"Written by\" \/>\n\t<meta name=\"twitter:data1\" content=\"Numerus21\" \/>\n\t<meta name=\"twitter:label2\" content=\"Est. reading time\" \/>\n\t<meta name=\"twitter:data2\" content=\"2 minutes\" \/>\n<script type=\"application\/ld+json\" class=\"yoast-schema-graph\">{\"@context\":\"https:\/\/schema.org\",\"@graph\":[{\"@type\":\"Article\",\"@id\":\"https:\/\/www.numerus21.fr\/5g-le-lancement-en-france-est-fixe-a-juin-2020\/#article\",\"isPartOf\":{\"@id\":\"https:\/\/www.numerus21.fr\/5g-le-lancement-en-france-est-fixe-a-juin-2020\/\"},\"author\":{\"name\":\"Numerus21\",\"@id\":\"https:\/\/www.numerus21.fr\/#\/schema\/person\/d386db7a1d58d3719cb6290f40e3a372\"},\"headline\":\"5G : le lancement en France est fix\u00e9 \u00e0 juin 2020\",\"datePublished\":\"2019-12-30T10:03:06+00:00\",\"dateModified\":\"2019-12-30T10:03:08+00:00\",\"mainEntityOfPage\":{\"@id\":\"https:\/\/www.numerus21.fr\/5g-le-lancement-en-france-est-fixe-a-juin-2020\/\"},\"wordCount\":416,\"commentCount\":0,\"publisher\":{\"@id\":\"https:\/\/www.numerus21.fr\/#organization\"},\"image\":{\"@id\":\"https:\/\/www.numerus21.fr\/5g-le-lancement-en-france-est-fixe-a-juin-2020\/#primaryimage\"},\"thumbnailUrl\":\"https:\/\/www.numerus21.fr\/wp-content\/uploads\/2019\/12\/5g-lancement-france-report\u00e9-juin-2020.jpg\",\"articleSection\":[\"Non class\u00e9\"],\"inLanguage\":\"en-US\",\"potentialAction\":[{\"@type\":\"CommentAction\",\"name\":\"Comment\",\"target\":[\"https:\/\/www.numerus21.fr\/5g-le-lancement-en-france-est-fixe-a-juin-2020\/#respond\"]}]},{\"@type\":\"WebPage\",\"@id\":\"https:\/\/www.numerus21.fr\/5g-le-lancement-en-france-est-fixe-a-juin-2020\/\",\"url\":\"https:\/\/www.numerus21.fr\/5g-le-lancement-en-france-est-fixe-a-juin-2020\/\",\"name\":\"5G : le lancement en France est fix\u00e9 \u00e0 juin 2020 &#8902; Numerus21.fr\",\"isPartOf\":{\"@id\":\"https:\/\/www.numerus21.fr\/#website\"},\"primaryImageOfPage\":{\"@id\":\"https:\/\/www.numerus21.fr\/5g-le-lancement-en-france-est-fixe-a-juin-2020\/#primaryimage\"},\"image\":{\"@id\":\"https:\/\/www.numerus21.fr\/5g-le-lancement-en-france-est-fixe-a-juin-2020\/#primaryimage\"},\"thumbnailUrl\":\"https:\/\/www.numerus21.fr\/wp-content\/uploads\/2019\/12\/5g-lancement-france-report\u00e9-juin-2020.jpg\",\"datePublished\":\"2019-12-30T10:03:06+00:00\",\"dateModified\":\"2019-12-30T10:03:08+00:00\",\"breadcrumb\":{\"@id\":\"https:\/\/www.numerus21.fr\/5g-le-lancement-en-france-est-fixe-a-juin-2020\/#breadcrumb\"},\"inLanguage\":\"en-US\",\"potentialAction\":[{\"@type\":\"ReadAction\",\"target\":[\"https:\/\/www.numerus21.fr\/5g-le-lancement-en-france-est-fixe-a-juin-2020\/\"]}]},{\"@type\":\"ImageObject\",\"inLanguage\":\"en-US\",\"@id\":\"https:\/\/www.numerus21.fr\/5g-le-lancement-en-france-est-fixe-a-juin-2020\/#primaryimage\",\"url\":\"https:\/\/www.numerus21.fr\/wp-content\/uploads\/2019\/12\/5g-lancement-france-report\u00e9-juin-2020.jpg\",\"contentUrl\":\"https:\/\/www.numerus21.fr\/wp-content\/uploads\/2019\/12\/5g-lancement-france-report\u00e9-juin-2020.jpg\",\"width\":840,\"height\":525},{\"@type\":\"BreadcrumbList\",\"@id\":\"https:\/\/www.numerus21.fr\/5g-le-lancement-en-france-est-fixe-a-juin-2020\/#breadcrumb\",\"itemListElement\":[{\"@type\":\"ListItem\",\"position\":1,\"name\":\"Accueil\",\"item\":\"https:\/\/www.numerus21.fr\/\"},{\"@type\":\"ListItem\",\"position\":2,\"name\":\"5G : le lancement en France est fix\u00e9 \u00e0 juin 2020\"}]},{\"@type\":\"WebSite\",\"@id\":\"https:\/\/www.numerus21.fr\/#website\",\"url\":\"https:\/\/www.numerus21.fr\/\",\"name\":\"Numerus21.fr\",\"description\":\"R\u00e9seaux &amp; T\u00e9l\u00e9coms\",\"publisher\":{\"@id\":\"https:\/\/www.numerus21.fr\/#organization\"},\"potentialAction\":[{\"@type\":\"SearchAction\",\"target\":{\"@type\":\"EntryPoint\",\"urlTemplate\":\"https:\/\/www.numerus21.fr\/?s={search_term_string}\"},\"query-input\":{\"@type\":\"PropertyValueSpecification\",\"valueRequired\":true,\"valueName\":\"search_term_string\"}}],\"inLanguage\":\"en-US\"},{\"@type\":\"Organization\",\"@id\":\"https:\/\/www.numerus21.fr\/#organization\",\"name\":\"numerus21\",\"url\":\"https:\/\/www.numerus21.fr\/\",\"logo\":{\"@type\":\"ImageObject\",\"inLanguage\":\"en-US\",\"@id\":\"https:\/\/www.numerus21.fr\/#\/schema\/logo\/image\/\",\"url\":\"https:\/\/www.numerus21.fr\/wp-content\/uploads\/2019\/11\/logo.png\",\"contentUrl\":\"https:\/\/www.numerus21.fr\/wp-content\/uploads\/2019\/11\/logo.png\",\"width\":260,\"height\":84,\"caption\":\"numerus21\"},\"image\":{\"@id\":\"https:\/\/www.numerus21.fr\/#\/schema\/logo\/image\/\"}},{\"@type\":\"Person\",\"@id\":\"https:\/\/www.numerus21.fr\/#\/schema\/person\/d386db7a1d58d3719cb6290f40e3a372\",\"name\":\"Numerus21\",\"image\":{\"@type\":\"ImageObject\",\"inLanguage\":\"en-US\",\"@id\":\"https:\/\/www.numerus21.fr\/#\/schema\/person\/image\/\",\"url\":\"https:\/\/secure.gravatar.com\/avatar\/588d060fc617adb97f82b6621e541455?s=96&d=retro&r=g\",\"contentUrl\":\"https:\/\/secure.gravatar.com\/avatar\/588d060fc617adb97f82b6621e541455?s=96&d=retro&r=g\",\"caption\":\"Numerus21\"}}]}<\/script>\n<!-- \/ Yoast SEO plugin. -->","yoast_head_json":{"title":"5G : le lancement en France est fix\u00e9 \u00e0 juin 2020 &#8902; Numerus21.fr","robots":{"index":"index","follow":"follow","max-snippet":"max-snippet:-1","max-image-preview":"max-image-preview:large","max-video-preview":"max-video-preview:-1"},"canonical":"https:\/\/www.numerus21.fr\/en\/5g-le-lancement-en-france-est-fixe-a-juin-2020\/","og_locale":"en_US","og_type":"article","og_title":"5G : le lancement en France est fix\u00e9 \u00e0 juin 2020 &#8902; Numerus21.fr","og_description":"La 5G ne sera finalement disponible en France qu\u2019\u00e0 partir du mois de juin 2020, annonce le Minist\u00e8re de l\u2019\u00e9conomie et des finances. L\u2019attribution des fr\u00e9quences a en effet \u00e9t\u00e9 report\u00e9 de plusieurs mois. Dans ces conditions, Orange, Free Mobile, SFR et Bouygues T\u00e9l\u00e9com ne pourront pas lancer les premi\u00e8res offres 5G avant la seconde [&hellip;]","og_url":"https:\/\/www.numerus21.fr\/en\/5g-le-lancement-en-france-est-fixe-a-juin-2020\/","og_site_name":"Numerus21.fr","article_published_time":"2019-12-30T10:03:06+00:00","article_modified_time":"2019-12-30T10:03:08+00:00","og_image":[{"width":840,"height":525,"url":"https:\/\/www.numerus21.fr\/wp-content\/uploads\/2019\/12\/5g-lancement-france-report\u00e9-juin-2020.jpg","type":"image\/jpeg"}],"author":"Numerus21","twitter_card":"summary_large_image","twitter_misc":{"Written by":"Numerus21","Est. reading time":"2 minutes"},"schema":{"@context":"https:\/\/schema.org","@graph":[{"@type":"Article","@id":"https:\/\/www.numerus21.fr\/5g-le-lancement-en-france-est-fixe-a-juin-2020\/#article","isPartOf":{"@id":"https:\/\/www.numerus21.fr\/5g-le-lancement-en-france-est-fixe-a-juin-2020\/"},"author":{"name":"Numerus21","@id":"https:\/\/www.numerus21.fr\/#\/schema\/person\/d386db7a1d58d3719cb6290f40e3a372"},"headline":"5G : le lancement en France est fix\u00e9 \u00e0 juin 2020","datePublished":"2019-12-30T10:03:06+00:00","dateModified":"2019-12-30T10:03:08+00:00","mainEntityOfPage":{"@id":"https:\/\/www.numerus21.fr\/5g-le-lancement-en-france-est-fixe-a-juin-2020\/"},"wordCount":416,"commentCount":0,"publisher":{"@id":"https:\/\/www.numerus21.fr\/#organization"},"image":{"@id":"https:\/\/www.numerus21.fr\/5g-le-lancement-en-france-est-fixe-a-juin-2020\/#primaryimage"},"thumbnailUrl":"https:\/\/www.numerus21.fr\/wp-content\/uploads\/2019\/12\/5g-lancement-france-report\u00e9-juin-2020.jpg","articleSection":["Non class\u00e9"],"inLanguage":"en-US","potentialAction":[{"@type":"CommentAction","name":"Comment","target":["https:\/\/www.numerus21.fr\/5g-le-lancement-en-france-est-fixe-a-juin-2020\/#respond"]}]},{"@type":"WebPage","@id":"https:\/\/www.numerus21.fr\/5g-le-lancement-en-france-est-fixe-a-juin-2020\/","url":"https:\/\/www.numerus21.fr\/5g-le-lancement-en-france-est-fixe-a-juin-2020\/","name":"5G : le lancement en France est fix\u00e9 \u00e0 juin 2020 &#8902; Numerus21.fr","isPartOf":{"@id":"https:\/\/www.numerus21.fr\/#website"},"primaryImageOfPage":{"@id":"https:\/\/www.numerus21.fr\/5g-le-lancement-en-france-est-fixe-a-juin-2020\/#primaryimage"},"image":{"@id":"https:\/\/www.numerus21.fr\/5g-le-lancement-en-france-est-fixe-a-juin-2020\/#primaryimage"},"thumbnailUrl":"https:\/\/www.numerus21.fr\/wp-content\/uploads\/2019\/12\/5g-lancement-france-report\u00e9-juin-2020.jpg","datePublished":"2019-12-30T10:03:06+00:00","dateModified":"2019-12-30T10:03:08+00:00","breadcrumb":{"@id":"https:\/\/www.numerus21.fr\/5g-le-lancement-en-france-est-fixe-a-juin-2020\/#breadcrumb"},"inLanguage":"en-US","potentialAction":[{"@type":"ReadAction","target":["https:\/\/www.numerus21.fr\/5g-le-lancement-en-france-est-fixe-a-juin-2020\/"]}]},{"@type":"ImageObject","inLanguage":"en-US","@id":"https:\/\/www.numerus21.fr\/5g-le-lancement-en-france-est-fixe-a-juin-2020\/#primaryimage","url":"https:\/\/www.numerus21.fr\/wp-content\/uploads\/2019\/12\/5g-lancement-france-report\u00e9-juin-2020.jpg","contentUrl":"https:\/\/www.numerus21.fr\/wp-content\/uploads\/2019\/12\/5g-lancement-france-report\u00e9-juin-2020.jpg","width":840,"height":525},{"@type":"BreadcrumbList","@id":"https:\/\/www.numerus21.fr\/5g-le-lancement-en-france-est-fixe-a-juin-2020\/#breadcrumb","itemListElement":[{"@type":"ListItem","position":1,"name":"Accueil","item":"https:\/\/www.numerus21.fr\/"},{"@type":"ListItem","position":2,"name":"5G : le lancement en France est fix\u00e9 \u00e0 juin 2020"}]},{"@type":"WebSite","@id":"https:\/\/www.numerus21.fr\/#website","url":"https:\/\/www.numerus21.fr\/","name":"Numerus21.fr","description":"R\u00e9seaux &amp; T\u00e9l\u00e9coms","publisher":{"@id":"https:\/\/www.numerus21.fr\/#organization"},"potentialAction":[{"@type":"SearchAction","target":{"@type":"EntryPoint","urlTemplate":"https:\/\/www.numerus21.fr\/?s={search_term_string}"},"query-input":{"@type":"PropertyValueSpecification","valueRequired":true,"valueName":"search_term_string"}}],"inLanguage":"en-US"},{"@type":"Organization","@id":"https:\/\/www.numerus21.fr\/#organization","name":"numerus21","url":"https:\/\/www.numerus21.fr\/","logo":{"@type":"ImageObject","inLanguage":"en-US","@id":"https:\/\/www.numerus21.fr\/#\/schema\/logo\/image\/","url":"https:\/\/www.numerus21.fr\/wp-content\/uploads\/2019\/11\/logo.png","contentUrl":"https:\/\/www.numerus21.fr\/wp-content\/uploads\/2019\/11\/logo.png","width":260,"height":84,"caption":"numerus21"},"image":{"@id":"https:\/\/www.numerus21.fr\/#\/schema\/logo\/image\/"}},{"@type":"Person","@id":"https:\/\/www.numerus21.fr\/#\/schema\/person\/d386db7a1d58d3719cb6290f40e3a372","name":"Numerus21","image":{"@type":"ImageObject","inLanguage":"en-US","@id":"https:\/\/www.numerus21.fr\/#\/schema\/person\/image\/","url":"https:\/\/secure.gravatar.com\/avatar\/588d060fc617adb97f82b6621e541455?s=96&d=retro&r=g","contentUrl":"https:\/\/secure.gravatar.com\/avatar\/588d060fc617adb97f82b6621e541455?s=96&d=retro&r=g","caption":"Numerus21"}}]}},"_links":{"self":[{"href":"https:\/\/www.numerus21.fr\/en\/wp-json\/wp\/v2\/posts\/2923","targetHints":{"allow":["GET"]}}],"collection":[{"href":"https:\/\/www.numerus21.fr\/en\/wp-json\/wp\/v2\/posts"}],"about":[{"href":"https:\/\/www.numerus21.fr\/en\/wp-json\/wp\/v2\/types\/post"}],"author":[{"embeddable":true,"href":"https:\/\/www.numerus21.fr\/en\/wp-json\/wp\/v2\/users\/1"}],"replies":[{"embeddable":true,"href":"https:\/\/www.numerus21.fr\/en\/wp-json\/wp\/v2\/comments?post=2923"}],"version-history":[{"count":1,"href":"https:\/\/www.numerus21.fr\/en\/wp-json\/wp\/v2\/posts\/2923\/revisions"}],"predecessor-version":[{"id":2926,"href":"https:\/\/www.numerus21.fr\/en\/wp-json\/wp\/v2\/posts\/2923\/revisions\/2926"}],"wp:featuredmedia":[{"embeddable":true,"href":"https:\/\/www.numerus21.fr\/en\/wp-json\/wp\/v2\/media\/2925"}],"wp:attachment":[{"href":"https:\/\/www.numerus21.fr\/en\/wp-json\/wp\/v2\/media?parent=2923"}],"wp:term":[{"taxonomy":"category","embeddable":true,"href":"https:\/\/www.numerus21.fr\/en\/wp-json\/wp\/v2\/categories?post=2923"},{"taxonomy":"post_tag","embeddable":true,"href":"https:\/\/www.numerus21.fr\/en\/wp-json\/wp\/v2\/tags?post=2923"}],"curies":[{"name":"wp","href":"https:\/\/api.w.org\/{rel}","templated":true}]}}