{"id":3145,"date":"2020-02-19T12:29:47","date_gmt":"2020-02-19T11:29:47","guid":{"rendered":"https:\/\/www.numerus21.fr\/?p=3145"},"modified":"2020-02-19T12:29:49","modified_gmt":"2020-02-19T11:29:49","slug":"lallemagne-veut-la-fibre-partout-dici-2025","status":"publish","type":"post","link":"https:\/\/www.numerus21.fr\/en\/lallemagne-veut-la-fibre-partout-dici-2025\/","title":{"rendered":"L&rsquo;Allemagne veut la fibre partout d&rsquo;ici 2025"},"content":{"rendered":"<p><strong><em>Le gouvernement allemand a adopt\u00e9 sa \u00abStrat\u00e9gie num\u00e9rique 2025\u00bb, le prochain grand projet de r\u00e9forme pays, a rapport\u00e9 le S\u00fcddeutsche Zeitung . C&rsquo;est ce qu&rsquo;a confirm\u00e9 le n\u00b02 du gouvernement, Sigmar Gabriel (SPD) en ouverture du salon CeBIT \u00e0 Hanovre il y a une semaine.<\/em><\/strong><\/p>\n\n\n\n<figure class=\"wp-block-image\"><a href=\"http:\/\/www.reseaux-telecoms.net\/images\/actualite\/000000011610.png\"><img decoding=\"async\" src=\"http:\/\/www.reseaux-telecoms.net\/images\/actualite\/000000011610.png\" alt=\"L'Allemagne veut la fibre partout d'ici 2025\"\/><\/a><\/figure>\n\n\n\n<p>Le gouvernement f\u00e9d\u00e9ral indique dans ses derni\u00e8res d\u00e9claration vouloir\u00a0rendre plus largement disponibles les connexions 50 m\u00e9gabits.\u00a0 \u00ab\u00a0D&rsquo;ici \u00e0 2025, le r\u00e9seau de fibre optique devra m\u00eame proposer du 1\u00a0gigabit partout,\u00a0\u00bb a r\u00e9sum\u00e9 le Secr\u00e9taire d&rsquo;Etat Matthias Machnig \u00bb c&rsquo;est notre priorit\u00e9 \u00bb. La France on le sait s&rsquo;est fix\u00e9 pour objectif de d\u00e9ployer la fibre optique partout d&rsquo;ici 2022.\u00a0<br><br>Sigmar Gabriel a pr\u00e9cis\u00e9 que le plan visait surtout les zones faiblement peupl\u00e9es, \u00ab mais l\u00e0, pour que cela fonctionne, vous ne pouvez pas compter sur le secteur priv\u00e9 qui va agir dans les r\u00e9gions m\u00e9tropolitaines. Sigmar Gabriel lance donc un investissement d&rsquo;Etat de 10 milliards d&rsquo;euros. L&rsquo;argent viendra en partie, de la prochaine vente aux ench\u00e8res de fr\u00e9quences mobiles.\u00a0<br><br>La pression des acteurs \u00e9conomiques est forte pour que l&rsquo;Allemagne d\u00e9ploie un r\u00e9seau tr\u00e8s haut d\u00e9bit, dans toutes les zones \u00e9conomiques possibles. Les autorit\u00e9s allemandes ont d\u00e9clar\u00e9 \u00e0 plusieurs reprises que l&rsquo;avenir du pays r\u00e9side dans son innovation et sa digitalisation, dans la pratique c&rsquo;est loin d&rsquo;\u00eatre \u00e9vident.\u00a0Et il est difficile, m\u00eame dans le centre de la capitale f\u00e9d\u00e9rale d&rsquo;obtenir un raccordement au r\u00e9seau.<br><br><strong>Faiblesse allemande<\/strong><br><br>Actuellement, 15 % des entreprises allemandes ont un acc\u00e8s \u00e0 internet avec un d\u00e9bit sup\u00e9rieur \u00e0 50 m\u00e9gaoctets par seconde, contre 21 % aux \u00c9tats-Unis ou 53 % en Cor\u00e9e du Sud. La connexion par fibre optique n&rsquo;est disponible que pour 7 % des foyers allemands.<br><br>Pour Matthias Machnig, la fibre optique est un \u00e9l\u00e9ment mais pas le seul, dans le d\u00e9veloppement num\u00e9rique du pays. Il souhaite plus de cr\u00e9ations d&rsquo;entreprises dans le num\u00e9rique. De plus, les fonds de capital-risque repr\u00e9sentent 3 milliards d&rsquo;euros en Allemagne, alors qu&rsquo;ils s&rsquo;\u00e9l\u00e8vent \u00e0 100 milliards d&rsquo;euros aux \u00c9tats-Unis, dont 30 milliards d&rsquo;euros pour la Silicon Valley. Cependant, la somme des fonds de capital-risque allemands conna\u00eet actuellement une phase de croissance. Les investissements et les innovations seront davantage soutenus, notamment ceux des petites et moyennes entreprises (PME) allemandes, qui feront partie de l&rsquo;\u00e9conomie post-transition.<br><br><strong>Un climat favorable<\/strong><br><br>Peu d&rsquo;entreprises allemandes dans l&rsquo;\u00e9conomie num\u00e9rique ont aujourd&rsquo;hui un rang mondial. La transition num\u00e9rique sera d&rsquo;autant plus rapide que les cr\u00e9ations d&rsquo;entreprises int\u00e9grant le num\u00e9rique seront nombreuses. Les carri\u00e8res dans l&rsquo;entreprenariat seront donc encourag\u00e9es et pour cela, la culture am\u00e9ricaine de l&rsquo;entreprise dite \u00ab\u00a0\u00e9cole de la seconde chance\u00a0\u00bb pourra \u00eatre une source d&rsquo;inspiration.<br><br>Matthias Machnig a \u00e9galement rappel\u00e9 que la s\u00e9curisation des donn\u00e9es constituait un enjeu important. Selon l&rsquo;Association allemande des technologies num\u00e9riques (Bitkom), une entreprise allemande sur trois a \u00e9t\u00e9 victime de cybercriminalit\u00e9 entre 2014 et 2016. Une bonne s\u00e9curisation des donn\u00e9es permet d&rsquo;instaurer un climat de confiance et de favoriser les investissements des nouvelles entreprises dans la num\u00e9risation.<br><br>Enfin, Matthias Machnig pr\u00e9conise de changer la structure institutionnelle de la th\u00e9matique de la transition num\u00e9rique. Au sein des pouvoirs publics, les entit\u00e9s actives sur ce sujet sont nombreuses et les responsabilit\u00e9s ne sont parfois pas r\u00e9parties de fa\u00e7on claire entre les diff\u00e9rents acteurs. Il appelle donc \u00e0 une r\u00e9organisation de ce syst\u00e8me, par une mise en commun des comp\u00e9tences et une harmonisation des missions.<br><br><em>En photo : Sigmar Gabriel, \u00e0 gauche, ministre de l&rsquo;\u00e9conomie, et son secr\u00e9taire d&rsquo;Etat, Matthias Machning qui pilotent le plan num\u00e9rique allemand.<\/em><\/p>\n\n\n\n<p><\/p>\n\n\n\n<p>source :  <a href=\"http:\/\/www.reseaux-telecoms.net\/actualites\/lire-l-allemagne-veut-la-fibre-partout-d-ici-2025-27610.html\">http:\/\/www.reseaux-telecoms.net\/actualites\/lire-l-allemagne-veut-la-fibre-partout-d-ici-2025-27610.html<\/a> <\/p>","protected":false},"excerpt":{"rendered":"<p>Le gouvernement allemand a adopt\u00e9 sa \u00abStrat\u00e9gie num\u00e9rique 2025\u00bb, le prochain grand projet de r\u00e9forme pays, a rapport\u00e9 le S\u00fcddeutsche Zeitung . C&rsquo;est ce qu&rsquo;a confirm\u00e9 le n\u00b02 du gouvernement, Sigmar Gabriel (SPD) en ouverture du salon CeBIT \u00e0 Hanovre il y a une semaine. Le gouvernement f\u00e9d\u00e9ral indique dans ses derni\u00e8res d\u00e9claration vouloir\u00a0rendre plus [&hellip;]<\/p>","protected":false},"author":1,"featured_media":3146,"comment_status":"open","ping_status":"open","sticky":false,"template":"","format":"standard","meta":{"footnotes":""},"categories":[115],"tags":[],"class_list":["post-3145","post","type-post","status-publish","format-standard","has-post-thumbnail","hentry","category-actualite"],"yoast_head":"<!-- This site is optimized with the Yoast SEO plugin v24.6 - https:\/\/yoast.com\/wordpress\/plugins\/seo\/ -->\n<title>L&#039;Allemagne veut la fibre partout d&#039;ici 2025 &#8902; Numerus21.fr<\/title>\n<meta name=\"robots\" content=\"index, follow, max-snippet:-1, max-image-preview:large, max-video-preview:-1\" \/>\n<link rel=\"canonical\" href=\"https:\/\/www.numerus21.fr\/en\/lallemagne-veut-la-fibre-partout-dici-2025\/\" \/>\n<meta property=\"og:locale\" content=\"en_US\" \/>\n<meta property=\"og:type\" content=\"article\" \/>\n<meta property=\"og:title\" content=\"L&#039;Allemagne veut la fibre partout d&#039;ici 2025 &#8902; Numerus21.fr\" \/>\n<meta property=\"og:description\" content=\"Le gouvernement allemand a adopt\u00e9 sa \u00abStrat\u00e9gie num\u00e9rique 2025\u00bb, le prochain grand projet de r\u00e9forme pays, a rapport\u00e9 le S\u00fcddeutsche Zeitung . C&rsquo;est ce qu&rsquo;a confirm\u00e9 le n\u00b02 du gouvernement, Sigmar Gabriel (SPD) en ouverture du salon CeBIT \u00e0 Hanovre il y a une semaine. Le gouvernement f\u00e9d\u00e9ral indique dans ses derni\u00e8res d\u00e9claration vouloir\u00a0rendre plus [&hellip;]\" \/>\n<meta property=\"og:url\" content=\"https:\/\/www.numerus21.fr\/en\/lallemagne-veut-la-fibre-partout-dici-2025\/\" \/>\n<meta property=\"og:site_name\" content=\"Numerus21.fr\" \/>\n<meta property=\"article:published_time\" content=\"2020-02-19T11:29:47+00:00\" \/>\n<meta property=\"article:modified_time\" content=\"2020-02-19T11:29:49+00:00\" \/>\n<meta property=\"og:image\" content=\"https:\/\/www.numerus21.fr\/wp-content\/uploads\/2020\/02\/digitisation-internet-fibre-optic-cable-germany-broadband.jpg\" \/>\n\t<meta property=\"og:image:width\" content=\"950\" \/>\n\t<meta property=\"og:image:height\" content=\"450\" \/>\n\t<meta property=\"og:image:type\" content=\"image\/jpeg\" \/>\n<meta name=\"author\" content=\"Numerus21\" \/>\n<meta name=\"twitter:card\" content=\"summary_large_image\" \/>\n<meta name=\"twitter:label1\" content=\"Written by\" \/>\n\t<meta name=\"twitter:data1\" content=\"Numerus21\" \/>\n\t<meta name=\"twitter:label2\" content=\"Est. reading time\" \/>\n\t<meta name=\"twitter:data2\" content=\"3 minutes\" \/>\n<script type=\"application\/ld+json\" class=\"yoast-schema-graph\">{\"@context\":\"https:\/\/schema.org\",\"@graph\":[{\"@type\":\"Article\",\"@id\":\"https:\/\/www.numerus21.fr\/en\/lallemagne-veut-la-fibre-partout-dici-2025\/#article\",\"isPartOf\":{\"@id\":\"https:\/\/www.numerus21.fr\/en\/lallemagne-veut-la-fibre-partout-dici-2025\/\"},\"author\":{\"name\":\"Numerus21\",\"@id\":\"https:\/\/www.numerus21.fr\/#\/schema\/person\/d386db7a1d58d3719cb6290f40e3a372\"},\"headline\":\"L&rsquo;Allemagne veut la fibre partout d&rsquo;ici 2025\",\"datePublished\":\"2020-02-19T11:29:47+00:00\",\"dateModified\":\"2020-02-19T11:29:49+00:00\",\"mainEntityOfPage\":{\"@id\":\"https:\/\/www.numerus21.fr\/en\/lallemagne-veut-la-fibre-partout-dici-2025\/\"},\"wordCount\":631,\"commentCount\":0,\"publisher\":{\"@id\":\"https:\/\/www.numerus21.fr\/#organization\"},\"image\":{\"@id\":\"https:\/\/www.numerus21.fr\/en\/lallemagne-veut-la-fibre-partout-dici-2025\/#primaryimage\"},\"thumbnailUrl\":\"https:\/\/www.numerus21.fr\/wp-content\/uploads\/2020\/02\/digitisation-internet-fibre-optic-cable-germany-broadband.jpg\",\"articleSection\":[\"actualit\u00e9\"],\"inLanguage\":\"en-US\",\"potentialAction\":[{\"@type\":\"CommentAction\",\"name\":\"Comment\",\"target\":[\"https:\/\/www.numerus21.fr\/en\/lallemagne-veut-la-fibre-partout-dici-2025\/#respond\"]}]},{\"@type\":\"WebPage\",\"@id\":\"https:\/\/www.numerus21.fr\/en\/lallemagne-veut-la-fibre-partout-dici-2025\/\",\"url\":\"https:\/\/www.numerus21.fr\/en\/lallemagne-veut-la-fibre-partout-dici-2025\/\",\"name\":\"L'Allemagne veut la fibre partout d'ici 2025 &#8902; Numerus21.fr\",\"isPartOf\":{\"@id\":\"https:\/\/www.numerus21.fr\/#website\"},\"primaryImageOfPage\":{\"@id\":\"https:\/\/www.numerus21.fr\/en\/lallemagne-veut-la-fibre-partout-dici-2025\/#primaryimage\"},\"image\":{\"@id\":\"https:\/\/www.numerus21.fr\/en\/lallemagne-veut-la-fibre-partout-dici-2025\/#primaryimage\"},\"thumbnailUrl\":\"https:\/\/www.numerus21.fr\/wp-content\/uploads\/2020\/02\/digitisation-internet-fibre-optic-cable-germany-broadband.jpg\",\"datePublished\":\"2020-02-19T11:29:47+00:00\",\"dateModified\":\"2020-02-19T11:29:49+00:00\",\"breadcrumb\":{\"@id\":\"https:\/\/www.numerus21.fr\/en\/lallemagne-veut-la-fibre-partout-dici-2025\/#breadcrumb\"},\"inLanguage\":\"en-US\",\"potentialAction\":[{\"@type\":\"ReadAction\",\"target\":[\"https:\/\/www.numerus21.fr\/en\/lallemagne-veut-la-fibre-partout-dici-2025\/\"]}]},{\"@type\":\"ImageObject\",\"inLanguage\":\"en-US\",\"@id\":\"https:\/\/www.numerus21.fr\/en\/lallemagne-veut-la-fibre-partout-dici-2025\/#primaryimage\",\"url\":\"https:\/\/www.numerus21.fr\/wp-content\/uploads\/2020\/02\/digitisation-internet-fibre-optic-cable-germany-broadband.jpg\",\"contentUrl\":\"https:\/\/www.numerus21.fr\/wp-content\/uploads\/2020\/02\/digitisation-internet-fibre-optic-cable-germany-broadband.jpg\",\"width\":950,\"height\":450},{\"@type\":\"BreadcrumbList\",\"@id\":\"https:\/\/www.numerus21.fr\/en\/lallemagne-veut-la-fibre-partout-dici-2025\/#breadcrumb\",\"itemListElement\":[{\"@type\":\"ListItem\",\"position\":1,\"name\":\"Accueil\",\"item\":\"https:\/\/www.numerus21.fr\/\"},{\"@type\":\"ListItem\",\"position\":2,\"name\":\"L&rsquo;Allemagne veut la fibre partout d&rsquo;ici 2025\"}]},{\"@type\":\"WebSite\",\"@id\":\"https:\/\/www.numerus21.fr\/#website\",\"url\":\"https:\/\/www.numerus21.fr\/\",\"name\":\"Numerus21.fr\",\"description\":\"R\u00e9seaux &amp; T\u00e9l\u00e9coms\",\"publisher\":{\"@id\":\"https:\/\/www.numerus21.fr\/#organization\"},\"potentialAction\":[{\"@type\":\"SearchAction\",\"target\":{\"@type\":\"EntryPoint\",\"urlTemplate\":\"https:\/\/www.numerus21.fr\/?s={search_term_string}\"},\"query-input\":{\"@type\":\"PropertyValueSpecification\",\"valueRequired\":true,\"valueName\":\"search_term_string\"}}],\"inLanguage\":\"en-US\"},{\"@type\":\"Organization\",\"@id\":\"https:\/\/www.numerus21.fr\/#organization\",\"name\":\"numerus21\",\"url\":\"https:\/\/www.numerus21.fr\/\",\"logo\":{\"@type\":\"ImageObject\",\"inLanguage\":\"en-US\",\"@id\":\"https:\/\/www.numerus21.fr\/#\/schema\/logo\/image\/\",\"url\":\"https:\/\/www.numerus21.fr\/wp-content\/uploads\/2019\/11\/logo.png\",\"contentUrl\":\"https:\/\/www.numerus21.fr\/wp-content\/uploads\/2019\/11\/logo.png\",\"width\":260,\"height\":84,\"caption\":\"numerus21\"},\"image\":{\"@id\":\"https:\/\/www.numerus21.fr\/#\/schema\/logo\/image\/\"}},{\"@type\":\"Person\",\"@id\":\"https:\/\/www.numerus21.fr\/#\/schema\/person\/d386db7a1d58d3719cb6290f40e3a372\",\"name\":\"Numerus21\",\"image\":{\"@type\":\"ImageObject\",\"inLanguage\":\"en-US\",\"@id\":\"https:\/\/www.numerus21.fr\/#\/schema\/person\/image\/\",\"url\":\"https:\/\/secure.gravatar.com\/avatar\/588d060fc617adb97f82b6621e541455?s=96&d=retro&r=g\",\"contentUrl\":\"https:\/\/secure.gravatar.com\/avatar\/588d060fc617adb97f82b6621e541455?s=96&d=retro&r=g\",\"caption\":\"Numerus21\"}}]}<\/script>\n<!-- \/ Yoast SEO plugin. -->","yoast_head_json":{"title":"L'Allemagne veut la fibre partout d'ici 2025 &#8902; Numerus21.fr","robots":{"index":"index","follow":"follow","max-snippet":"max-snippet:-1","max-image-preview":"max-image-preview:large","max-video-preview":"max-video-preview:-1"},"canonical":"https:\/\/www.numerus21.fr\/en\/lallemagne-veut-la-fibre-partout-dici-2025\/","og_locale":"en_US","og_type":"article","og_title":"L'Allemagne veut la fibre partout d'ici 2025 &#8902; Numerus21.fr","og_description":"Le gouvernement allemand a adopt\u00e9 sa \u00abStrat\u00e9gie num\u00e9rique 2025\u00bb, le prochain grand projet de r\u00e9forme pays, a rapport\u00e9 le S\u00fcddeutsche Zeitung . C&rsquo;est ce qu&rsquo;a confirm\u00e9 le n\u00b02 du gouvernement, Sigmar Gabriel (SPD) en ouverture du salon CeBIT \u00e0 Hanovre il y a une semaine. Le gouvernement f\u00e9d\u00e9ral indique dans ses derni\u00e8res d\u00e9claration vouloir\u00a0rendre plus [&hellip;]","og_url":"https:\/\/www.numerus21.fr\/en\/lallemagne-veut-la-fibre-partout-dici-2025\/","og_site_name":"Numerus21.fr","article_published_time":"2020-02-19T11:29:47+00:00","article_modified_time":"2020-02-19T11:29:49+00:00","og_image":[{"width":950,"height":450,"url":"https:\/\/www.numerus21.fr\/wp-content\/uploads\/2020\/02\/digitisation-internet-fibre-optic-cable-germany-broadband.jpg","type":"image\/jpeg"}],"author":"Numerus21","twitter_card":"summary_large_image","twitter_misc":{"Written by":"Numerus21","Est. reading time":"3 minutes"},"schema":{"@context":"https:\/\/schema.org","@graph":[{"@type":"Article","@id":"https:\/\/www.numerus21.fr\/en\/lallemagne-veut-la-fibre-partout-dici-2025\/#article","isPartOf":{"@id":"https:\/\/www.numerus21.fr\/en\/lallemagne-veut-la-fibre-partout-dici-2025\/"},"author":{"name":"Numerus21","@id":"https:\/\/www.numerus21.fr\/#\/schema\/person\/d386db7a1d58d3719cb6290f40e3a372"},"headline":"L&rsquo;Allemagne veut la fibre partout d&rsquo;ici 2025","datePublished":"2020-02-19T11:29:47+00:00","dateModified":"2020-02-19T11:29:49+00:00","mainEntityOfPage":{"@id":"https:\/\/www.numerus21.fr\/en\/lallemagne-veut-la-fibre-partout-dici-2025\/"},"wordCount":631,"commentCount":0,"publisher":{"@id":"https:\/\/www.numerus21.fr\/#organization"},"image":{"@id":"https:\/\/www.numerus21.fr\/en\/lallemagne-veut-la-fibre-partout-dici-2025\/#primaryimage"},"thumbnailUrl":"https:\/\/www.numerus21.fr\/wp-content\/uploads\/2020\/02\/digitisation-internet-fibre-optic-cable-germany-broadband.jpg","articleSection":["actualit\u00e9"],"inLanguage":"en-US","potentialAction":[{"@type":"CommentAction","name":"Comment","target":["https:\/\/www.numerus21.fr\/en\/lallemagne-veut-la-fibre-partout-dici-2025\/#respond"]}]},{"@type":"WebPage","@id":"https:\/\/www.numerus21.fr\/en\/lallemagne-veut-la-fibre-partout-dici-2025\/","url":"https:\/\/www.numerus21.fr\/en\/lallemagne-veut-la-fibre-partout-dici-2025\/","name":"L'Allemagne veut la fibre partout d'ici 2025 &#8902; Numerus21.fr","isPartOf":{"@id":"https:\/\/www.numerus21.fr\/#website"},"primaryImageOfPage":{"@id":"https:\/\/www.numerus21.fr\/en\/lallemagne-veut-la-fibre-partout-dici-2025\/#primaryimage"},"image":{"@id":"https:\/\/www.numerus21.fr\/en\/lallemagne-veut-la-fibre-partout-dici-2025\/#primaryimage"},"thumbnailUrl":"https:\/\/www.numerus21.fr\/wp-content\/uploads\/2020\/02\/digitisation-internet-fibre-optic-cable-germany-broadband.jpg","datePublished":"2020-02-19T11:29:47+00:00","dateModified":"2020-02-19T11:29:49+00:00","breadcrumb":{"@id":"https:\/\/www.numerus21.fr\/en\/lallemagne-veut-la-fibre-partout-dici-2025\/#breadcrumb"},"inLanguage":"en-US","potentialAction":[{"@type":"ReadAction","target":["https:\/\/www.numerus21.fr\/en\/lallemagne-veut-la-fibre-partout-dici-2025\/"]}]},{"@type":"ImageObject","inLanguage":"en-US","@id":"https:\/\/www.numerus21.fr\/en\/lallemagne-veut-la-fibre-partout-dici-2025\/#primaryimage","url":"https:\/\/www.numerus21.fr\/wp-content\/uploads\/2020\/02\/digitisation-internet-fibre-optic-cable-germany-broadband.jpg","contentUrl":"https:\/\/www.numerus21.fr\/wp-content\/uploads\/2020\/02\/digitisation-internet-fibre-optic-cable-germany-broadband.jpg","width":950,"height":450},{"@type":"BreadcrumbList","@id":"https:\/\/www.numerus21.fr\/en\/lallemagne-veut-la-fibre-partout-dici-2025\/#breadcrumb","itemListElement":[{"@type":"ListItem","position":1,"name":"Accueil","item":"https:\/\/www.numerus21.fr\/"},{"@type":"ListItem","position":2,"name":"L&rsquo;Allemagne veut la fibre partout d&rsquo;ici 2025"}]},{"@type":"WebSite","@id":"https:\/\/www.numerus21.fr\/#website","url":"https:\/\/www.numerus21.fr\/","name":"Numerus21.fr","description":"R\u00e9seaux &amp; T\u00e9l\u00e9coms","publisher":{"@id":"https:\/\/www.numerus21.fr\/#organization"},"potentialAction":[{"@type":"SearchAction","target":{"@type":"EntryPoint","urlTemplate":"https:\/\/www.numerus21.fr\/?s={search_term_string}"},"query-input":{"@type":"PropertyValueSpecification","valueRequired":true,"valueName":"search_term_string"}}],"inLanguage":"en-US"},{"@type":"Organization","@id":"https:\/\/www.numerus21.fr\/#organization","name":"numerus21","url":"https:\/\/www.numerus21.fr\/","logo":{"@type":"ImageObject","inLanguage":"en-US","@id":"https:\/\/www.numerus21.fr\/#\/schema\/logo\/image\/","url":"https:\/\/www.numerus21.fr\/wp-content\/uploads\/2019\/11\/logo.png","contentUrl":"https:\/\/www.numerus21.fr\/wp-content\/uploads\/2019\/11\/logo.png","width":260,"height":84,"caption":"numerus21"},"image":{"@id":"https:\/\/www.numerus21.fr\/#\/schema\/logo\/image\/"}},{"@type":"Person","@id":"https:\/\/www.numerus21.fr\/#\/schema\/person\/d386db7a1d58d3719cb6290f40e3a372","name":"Numerus21","image":{"@type":"ImageObject","inLanguage":"en-US","@id":"https:\/\/www.numerus21.fr\/#\/schema\/person\/image\/","url":"https:\/\/secure.gravatar.com\/avatar\/588d060fc617adb97f82b6621e541455?s=96&d=retro&r=g","contentUrl":"https:\/\/secure.gravatar.com\/avatar\/588d060fc617adb97f82b6621e541455?s=96&d=retro&r=g","caption":"Numerus21"}}]}},"_links":{"self":[{"href":"https:\/\/www.numerus21.fr\/en\/wp-json\/wp\/v2\/posts\/3145","targetHints":{"allow":["GET"]}}],"collection":[{"href":"https:\/\/www.numerus21.fr\/en\/wp-json\/wp\/v2\/posts"}],"about":[{"href":"https:\/\/www.numerus21.fr\/en\/wp-json\/wp\/v2\/types\/post"}],"author":[{"embeddable":true,"href":"https:\/\/www.numerus21.fr\/en\/wp-json\/wp\/v2\/users\/1"}],"replies":[{"embeddable":true,"href":"https:\/\/www.numerus21.fr\/en\/wp-json\/wp\/v2\/comments?post=3145"}],"version-history":[{"count":1,"href":"https:\/\/www.numerus21.fr\/en\/wp-json\/wp\/v2\/posts\/3145\/revisions"}],"predecessor-version":[{"id":3147,"href":"https:\/\/www.numerus21.fr\/en\/wp-json\/wp\/v2\/posts\/3145\/revisions\/3147"}],"wp:featuredmedia":[{"embeddable":true,"href":"https:\/\/www.numerus21.fr\/en\/wp-json\/wp\/v2\/media\/3146"}],"wp:attachment":[{"href":"https:\/\/www.numerus21.fr\/en\/wp-json\/wp\/v2\/media?parent=3145"}],"wp:term":[{"taxonomy":"category","embeddable":true,"href":"https:\/\/www.numerus21.fr\/en\/wp-json\/wp\/v2\/categories?post=3145"},{"taxonomy":"post_tag","embeddable":true,"href":"https:\/\/www.numerus21.fr\/en\/wp-json\/wp\/v2\/tags?post=3145"}],"curies":[{"name":"wp","href":"https:\/\/api.w.org\/{rel}","templated":true}]}}