{"id":3168,"date":"2020-03-12T10:25:43","date_gmt":"2020-03-12T09:25:43","guid":{"rendered":"https:\/\/www.numerus21.fr\/?p=3168"},"modified":"2020-03-12T10:26:41","modified_gmt":"2020-03-12T09:26:41","slug":"forte-progression-de-la-fibre-au-quatrieme-trimestre-2019","status":"publish","type":"post","link":"https:\/\/www.numerus21.fr\/en\/forte-progression-de-la-fibre-au-quatrieme-trimestre-2019\/","title":{"rendered":"FORTE PROGRESSION DE LA FIBRE AU QUATRI\u00c8ME TRIMESTRE 2019"},"content":{"rendered":"<p><strong>L\u2019ARCEP a publi\u00e9 ses r\u00e9sultats pour le dernier trimestre 2019 (\u00e0 fin d\u00e9cembre 2019) concernant le march\u00e9 des services fixes \u00e0 haut et tr\u00e8s haut d\u00e9bit. Et pour cette fin d\u2019ann\u00e9e 2019, le d\u00e9ploiement de la fibre (FTTH) et le nombre d\u2019abonnements en France ont enregistr\u00e9 une forte progression.<\/strong><\/p>\n\n\n\n<p>Lors du quatri\u00e8me trimestre de l\u2019an pass\u00e9 (octobre \u00e0 d\u00e9cembre 2019),&nbsp;<strong>725 000 nouveaux abonnements au tr\u00e8s haut d\u00e9bit<\/strong>&nbsp;(d\u00e9bit sup\u00e9rieur ou \u00e9gal \u00e0 30 Mbit\/s) ont \u00e9t\u00e9 enregistr\u00e9s. La France compte d\u00e9sormais 11,4 millions abonnements. Une progression annuelle plus importante qu\u2019en 2018, avec&nbsp;<strong>2,4 millions de nouveaux abonnements<\/strong>, contre 2 millions en 2018.<\/p>\n\n\n\n<p>Au 31 d\u00e9cembre 2019, ce sont 38% des abonn\u00e9s internet qui b\u00e9n\u00e9ficient d\u2019un acc\u00e8s au tr\u00e8s haut d\u00e9bit, soit une progression de 7 points en un an.<\/p>\n\n\n\n<h2 class=\"wp-block-heading\">La zone d\u2019initiative publique booste ses d\u00e9ploiements FTTH<\/h2>\n\n\n\n<figure class=\"wp-block-image\"><img decoding=\"async\" src=\"https:\/\/fibre.guide\/wp-content\/uploads\/2020\/03\/arcep-T4-2019-thd.png\" alt=\"\" class=\"wp-image-7228\"\/><\/figure>\n\n\n\n<p><em>Nombre de foyers \u00e9ligibles au Haut D\u00e9bit et au Tr\u00e8s Haut D\u00e9bit en France \/ ARCEP 2020<\/em><\/p>\n\n\n\n<p>2019 aura \u00e9t\u00e9 une ann\u00e9e propice au d\u00e9ploiement de la fibre. D\u00e9but 2020, nous comptons&nbsp;<strong>7,1 millions de lignes \u00e9ligibles<\/strong>, suite \u00e0 une&nbsp;<strong>progression de 2,3 millions en 2019<\/strong>.<\/p>\n\n\n\n<p>Ce dernier trimestre aura \u00e9t\u00e9 le plus impactant de l\u2019ann\u00e9e 2019, avec 58% des nouvelles lignes d\u00e9ploy\u00e9es r\u00e9alis\u00e9es en ce T4 2019. Ce sont ainsi&nbsp;<strong>4,8 millions de locaux<\/strong>&nbsp;qui ont \u00e9t\u00e9 rendus raccordables au&nbsp;<a href=\"https:\/\/fibre.guide\/deploiement\/technologies\/ftth\">FTTH<\/a>&nbsp;en 2019, dont 1,6 au dernier trimestre.<\/p>\n\n\n\n<p>La France compte d\u00e9sormais, au 31 d\u00e9cembre 2019, 18,4 millions de foyers \u00e9ligibles au FTTH, avec une hausse de 36% enregistr\u00e9e en 2019.<\/p>\n\n\n\n<figure class=\"wp-block-image\"><img decoding=\"async\" src=\"https:\/\/fibre.guide\/wp-content\/uploads\/2020\/03\/arcep-t4-2019-thd-fibre-750x375.png\" alt=\"\" class=\"wp-image-7229\"\/><\/figure>\n\n\n\n<p><em>R\u00e9partition des acc\u00e8s internet au T4 2019 en France \/ ARCEP 2020<\/em><\/p>\n\n\n\n<p>Dans la zone&nbsp;<strong>AMII<\/strong>, les op\u00e9rateurs Orange et SFR ont rendu \u00e9ligibles pr\u00e8s d\u2019un million de prises au dernier trimestre. Pour rappel, Orange&nbsp;<a href=\"https:\/\/fibre.guide\/deploiement\/zone-amii\/article-l-33-13\">s\u2019est engag\u00e9<\/a>&nbsp;\u00e0 raccorder l\u2019ensemble de ses prises en zone AMII d\u2019ici fin 2020.<\/p>\n\n\n\n<p>Au 31 d\u00e9cembre 2019, Orange a raccord\u00e9 environ 67% de ses prises FTTH \u00e0 raccorder en&nbsp;<a href=\"https:\/\/fibre.guide\/deploiement\/zone-amii\">zone AMII<\/a>, et SFR a raccord\u00e9 environ 63% des siennes.<\/p>\n\n\n\n<p>Les d\u00e9ploiements du FTTH dans la zone d\u2019initiative publique ont \u00e9galement atteint un chiffre record avec 500 000 nouvelles prises \u00e9ligibles.<\/p>\n\n\n\n<p>SOURCE :  <a href=\"https:\/\/fibre.guide\/actu\/7220?utm_source=LinkedIn&amp;utm_medium=Social&amp;utm_campaign=Share_buttons\">https:\/\/fibre.guide\/actu\/7220?utm_source=LinkedIn&amp;utm_medium=Social&amp;utm_campaign=Share_buttons<\/a> <\/p>","protected":false},"excerpt":{"rendered":"<p>L\u2019ARCEP a publi\u00e9 ses r\u00e9sultats pour le dernier trimestre 2019 (\u00e0 fin d\u00e9cembre 2019) concernant le march\u00e9 des services fixes \u00e0 haut et tr\u00e8s haut d\u00e9bit. Et pour cette fin d\u2019ann\u00e9e 2019, le d\u00e9ploiement de la fibre (FTTH) et le nombre d\u2019abonnements en France ont enregistr\u00e9 une forte progression. Lors du quatri\u00e8me trimestre de l\u2019an [&hellip;]<\/p>","protected":false},"author":1,"featured_media":3170,"comment_status":"open","ping_status":"open","sticky":false,"template":"","format":"standard","meta":{"footnotes":""},"categories":[115],"tags":[],"class_list":["post-3168","post","type-post","status-publish","format-standard","has-post-thumbnail","hentry","category-actualite"],"yoast_head":"<!-- This site is optimized with the Yoast SEO plugin v24.6 - https:\/\/yoast.com\/wordpress\/plugins\/seo\/ -->\n<title>FORTE PROGRESSION DE LA FIBRE AU QUATRI\u00c8ME TRIMESTRE 2019 &#8902; Numerus21.fr<\/title>\n<meta name=\"robots\" content=\"index, follow, max-snippet:-1, max-image-preview:large, max-video-preview:-1\" \/>\n<link rel=\"canonical\" href=\"https:\/\/www.numerus21.fr\/en\/forte-progression-de-la-fibre-au-quatrieme-trimestre-2019\/\" \/>\n<meta property=\"og:locale\" content=\"en_US\" \/>\n<meta property=\"og:type\" content=\"article\" \/>\n<meta property=\"og:title\" content=\"FORTE PROGRESSION DE LA FIBRE AU QUATRI\u00c8ME TRIMESTRE 2019 &#8902; Numerus21.fr\" \/>\n<meta property=\"og:description\" content=\"L\u2019ARCEP a publi\u00e9 ses r\u00e9sultats pour le dernier trimestre 2019 (\u00e0 fin d\u00e9cembre 2019) concernant le march\u00e9 des services fixes \u00e0 haut et tr\u00e8s haut d\u00e9bit. Et pour cette fin d\u2019ann\u00e9e 2019, le d\u00e9ploiement de la fibre (FTTH) et le nombre d\u2019abonnements en France ont enregistr\u00e9 une forte progression. Lors du quatri\u00e8me trimestre de l\u2019an [&hellip;]\" \/>\n<meta property=\"og:url\" content=\"https:\/\/www.numerus21.fr\/en\/forte-progression-de-la-fibre-au-quatrieme-trimestre-2019\/\" \/>\n<meta property=\"og:site_name\" content=\"Numerus21.fr\" \/>\n<meta property=\"article:published_time\" content=\"2020-03-12T09:25:43+00:00\" \/>\n<meta property=\"article:modified_time\" content=\"2020-03-12T09:26:41+00:00\" \/>\n<meta property=\"og:image\" content=\"https:\/\/www.numerus21.fr\/wp-content\/uploads\/2020\/03\/arcep-ftth-t4-2019-300x200-1.jpg\" \/>\n\t<meta property=\"og:image:width\" content=\"300\" \/>\n\t<meta property=\"og:image:height\" content=\"200\" \/>\n\t<meta property=\"og:image:type\" content=\"image\/jpeg\" \/>\n<meta name=\"author\" content=\"Numerus21\" \/>\n<meta name=\"twitter:card\" content=\"summary_large_image\" \/>\n<meta name=\"twitter:label1\" content=\"Written by\" \/>\n\t<meta name=\"twitter:data1\" content=\"Numerus21\" \/>\n\t<meta name=\"twitter:label2\" content=\"Est. reading time\" \/>\n\t<meta name=\"twitter:data2\" content=\"2 minutes\" \/>\n<script type=\"application\/ld+json\" class=\"yoast-schema-graph\">{\"@context\":\"https:\/\/schema.org\",\"@graph\":[{\"@type\":\"Article\",\"@id\":\"https:\/\/www.numerus21.fr\/forte-progression-de-la-fibre-au-quatrieme-trimestre-2019\/#article\",\"isPartOf\":{\"@id\":\"https:\/\/www.numerus21.fr\/forte-progression-de-la-fibre-au-quatrieme-trimestre-2019\/\"},\"author\":{\"name\":\"Numerus21\",\"@id\":\"https:\/\/www.numerus21.fr\/#\/schema\/person\/d386db7a1d58d3719cb6290f40e3a372\"},\"headline\":\"FORTE PROGRESSION DE LA FIBRE AU QUATRI\u00c8ME TRIMESTRE 2019\",\"datePublished\":\"2020-03-12T09:25:43+00:00\",\"dateModified\":\"2020-03-12T09:26:41+00:00\",\"mainEntityOfPage\":{\"@id\":\"https:\/\/www.numerus21.fr\/forte-progression-de-la-fibre-au-quatrieme-trimestre-2019\/\"},\"wordCount\":390,\"commentCount\":0,\"publisher\":{\"@id\":\"https:\/\/www.numerus21.fr\/#organization\"},\"image\":{\"@id\":\"https:\/\/www.numerus21.fr\/forte-progression-de-la-fibre-au-quatrieme-trimestre-2019\/#primaryimage\"},\"thumbnailUrl\":\"https:\/\/www.numerus21.fr\/wp-content\/uploads\/2020\/03\/arcep-ftth-t4-2019-300x200-1.jpg\",\"articleSection\":[\"actualit\u00e9\"],\"inLanguage\":\"en-US\",\"potentialAction\":[{\"@type\":\"CommentAction\",\"name\":\"Comment\",\"target\":[\"https:\/\/www.numerus21.fr\/forte-progression-de-la-fibre-au-quatrieme-trimestre-2019\/#respond\"]}]},{\"@type\":\"WebPage\",\"@id\":\"https:\/\/www.numerus21.fr\/forte-progression-de-la-fibre-au-quatrieme-trimestre-2019\/\",\"url\":\"https:\/\/www.numerus21.fr\/forte-progression-de-la-fibre-au-quatrieme-trimestre-2019\/\",\"name\":\"FORTE PROGRESSION DE LA FIBRE AU QUATRI\u00c8ME TRIMESTRE 2019 &#8902; Numerus21.fr\",\"isPartOf\":{\"@id\":\"https:\/\/www.numerus21.fr\/#website\"},\"primaryImageOfPage\":{\"@id\":\"https:\/\/www.numerus21.fr\/forte-progression-de-la-fibre-au-quatrieme-trimestre-2019\/#primaryimage\"},\"image\":{\"@id\":\"https:\/\/www.numerus21.fr\/forte-progression-de-la-fibre-au-quatrieme-trimestre-2019\/#primaryimage\"},\"thumbnailUrl\":\"https:\/\/www.numerus21.fr\/wp-content\/uploads\/2020\/03\/arcep-ftth-t4-2019-300x200-1.jpg\",\"datePublished\":\"2020-03-12T09:25:43+00:00\",\"dateModified\":\"2020-03-12T09:26:41+00:00\",\"breadcrumb\":{\"@id\":\"https:\/\/www.numerus21.fr\/forte-progression-de-la-fibre-au-quatrieme-trimestre-2019\/#breadcrumb\"},\"inLanguage\":\"en-US\",\"potentialAction\":[{\"@type\":\"ReadAction\",\"target\":[\"https:\/\/www.numerus21.fr\/forte-progression-de-la-fibre-au-quatrieme-trimestre-2019\/\"]}]},{\"@type\":\"ImageObject\",\"inLanguage\":\"en-US\",\"@id\":\"https:\/\/www.numerus21.fr\/forte-progression-de-la-fibre-au-quatrieme-trimestre-2019\/#primaryimage\",\"url\":\"https:\/\/www.numerus21.fr\/wp-content\/uploads\/2020\/03\/arcep-ftth-t4-2019-300x200-1.jpg\",\"contentUrl\":\"https:\/\/www.numerus21.fr\/wp-content\/uploads\/2020\/03\/arcep-ftth-t4-2019-300x200-1.jpg\",\"width\":300,\"height\":200},{\"@type\":\"BreadcrumbList\",\"@id\":\"https:\/\/www.numerus21.fr\/forte-progression-de-la-fibre-au-quatrieme-trimestre-2019\/#breadcrumb\",\"itemListElement\":[{\"@type\":\"ListItem\",\"position\":1,\"name\":\"Accueil\",\"item\":\"https:\/\/www.numerus21.fr\/\"},{\"@type\":\"ListItem\",\"position\":2,\"name\":\"FORTE PROGRESSION DE LA FIBRE AU QUATRI\u00c8ME TRIMESTRE 2019\"}]},{\"@type\":\"WebSite\",\"@id\":\"https:\/\/www.numerus21.fr\/#website\",\"url\":\"https:\/\/www.numerus21.fr\/\",\"name\":\"Numerus21.fr\",\"description\":\"R\u00e9seaux &amp; T\u00e9l\u00e9coms\",\"publisher\":{\"@id\":\"https:\/\/www.numerus21.fr\/#organization\"},\"potentialAction\":[{\"@type\":\"SearchAction\",\"target\":{\"@type\":\"EntryPoint\",\"urlTemplate\":\"https:\/\/www.numerus21.fr\/?s={search_term_string}\"},\"query-input\":{\"@type\":\"PropertyValueSpecification\",\"valueRequired\":true,\"valueName\":\"search_term_string\"}}],\"inLanguage\":\"en-US\"},{\"@type\":\"Organization\",\"@id\":\"https:\/\/www.numerus21.fr\/#organization\",\"name\":\"numerus21\",\"url\":\"https:\/\/www.numerus21.fr\/\",\"logo\":{\"@type\":\"ImageObject\",\"inLanguage\":\"en-US\",\"@id\":\"https:\/\/www.numerus21.fr\/#\/schema\/logo\/image\/\",\"url\":\"https:\/\/www.numerus21.fr\/wp-content\/uploads\/2019\/11\/logo.png\",\"contentUrl\":\"https:\/\/www.numerus21.fr\/wp-content\/uploads\/2019\/11\/logo.png\",\"width\":260,\"height\":84,\"caption\":\"numerus21\"},\"image\":{\"@id\":\"https:\/\/www.numerus21.fr\/#\/schema\/logo\/image\/\"}},{\"@type\":\"Person\",\"@id\":\"https:\/\/www.numerus21.fr\/#\/schema\/person\/d386db7a1d58d3719cb6290f40e3a372\",\"name\":\"Numerus21\",\"image\":{\"@type\":\"ImageObject\",\"inLanguage\":\"en-US\",\"@id\":\"https:\/\/www.numerus21.fr\/#\/schema\/person\/image\/\",\"url\":\"https:\/\/secure.gravatar.com\/avatar\/588d060fc617adb97f82b6621e541455?s=96&d=retro&r=g\",\"contentUrl\":\"https:\/\/secure.gravatar.com\/avatar\/588d060fc617adb97f82b6621e541455?s=96&d=retro&r=g\",\"caption\":\"Numerus21\"}}]}<\/script>\n<!-- \/ Yoast SEO plugin. -->","yoast_head_json":{"title":"FORTE PROGRESSION DE LA FIBRE AU QUATRI\u00c8ME TRIMESTRE 2019 &#8902; Numerus21.fr","robots":{"index":"index","follow":"follow","max-snippet":"max-snippet:-1","max-image-preview":"max-image-preview:large","max-video-preview":"max-video-preview:-1"},"canonical":"https:\/\/www.numerus21.fr\/en\/forte-progression-de-la-fibre-au-quatrieme-trimestre-2019\/","og_locale":"en_US","og_type":"article","og_title":"FORTE PROGRESSION DE LA FIBRE AU QUATRI\u00c8ME TRIMESTRE 2019 &#8902; Numerus21.fr","og_description":"L\u2019ARCEP a publi\u00e9 ses r\u00e9sultats pour le dernier trimestre 2019 (\u00e0 fin d\u00e9cembre 2019) concernant le march\u00e9 des services fixes \u00e0 haut et tr\u00e8s haut d\u00e9bit. Et pour cette fin d\u2019ann\u00e9e 2019, le d\u00e9ploiement de la fibre (FTTH) et le nombre d\u2019abonnements en France ont enregistr\u00e9 une forte progression. Lors du quatri\u00e8me trimestre de l\u2019an [&hellip;]","og_url":"https:\/\/www.numerus21.fr\/en\/forte-progression-de-la-fibre-au-quatrieme-trimestre-2019\/","og_site_name":"Numerus21.fr","article_published_time":"2020-03-12T09:25:43+00:00","article_modified_time":"2020-03-12T09:26:41+00:00","og_image":[{"width":300,"height":200,"url":"https:\/\/www.numerus21.fr\/wp-content\/uploads\/2020\/03\/arcep-ftth-t4-2019-300x200-1.jpg","type":"image\/jpeg"}],"author":"Numerus21","twitter_card":"summary_large_image","twitter_misc":{"Written by":"Numerus21","Est. reading time":"2 minutes"},"schema":{"@context":"https:\/\/schema.org","@graph":[{"@type":"Article","@id":"https:\/\/www.numerus21.fr\/forte-progression-de-la-fibre-au-quatrieme-trimestre-2019\/#article","isPartOf":{"@id":"https:\/\/www.numerus21.fr\/forte-progression-de-la-fibre-au-quatrieme-trimestre-2019\/"},"author":{"name":"Numerus21","@id":"https:\/\/www.numerus21.fr\/#\/schema\/person\/d386db7a1d58d3719cb6290f40e3a372"},"headline":"FORTE PROGRESSION DE LA FIBRE AU QUATRI\u00c8ME TRIMESTRE 2019","datePublished":"2020-03-12T09:25:43+00:00","dateModified":"2020-03-12T09:26:41+00:00","mainEntityOfPage":{"@id":"https:\/\/www.numerus21.fr\/forte-progression-de-la-fibre-au-quatrieme-trimestre-2019\/"},"wordCount":390,"commentCount":0,"publisher":{"@id":"https:\/\/www.numerus21.fr\/#organization"},"image":{"@id":"https:\/\/www.numerus21.fr\/forte-progression-de-la-fibre-au-quatrieme-trimestre-2019\/#primaryimage"},"thumbnailUrl":"https:\/\/www.numerus21.fr\/wp-content\/uploads\/2020\/03\/arcep-ftth-t4-2019-300x200-1.jpg","articleSection":["actualit\u00e9"],"inLanguage":"en-US","potentialAction":[{"@type":"CommentAction","name":"Comment","target":["https:\/\/www.numerus21.fr\/forte-progression-de-la-fibre-au-quatrieme-trimestre-2019\/#respond"]}]},{"@type":"WebPage","@id":"https:\/\/www.numerus21.fr\/forte-progression-de-la-fibre-au-quatrieme-trimestre-2019\/","url":"https:\/\/www.numerus21.fr\/forte-progression-de-la-fibre-au-quatrieme-trimestre-2019\/","name":"FORTE PROGRESSION DE LA FIBRE AU QUATRI\u00c8ME TRIMESTRE 2019 &#8902; Numerus21.fr","isPartOf":{"@id":"https:\/\/www.numerus21.fr\/#website"},"primaryImageOfPage":{"@id":"https:\/\/www.numerus21.fr\/forte-progression-de-la-fibre-au-quatrieme-trimestre-2019\/#primaryimage"},"image":{"@id":"https:\/\/www.numerus21.fr\/forte-progression-de-la-fibre-au-quatrieme-trimestre-2019\/#primaryimage"},"thumbnailUrl":"https:\/\/www.numerus21.fr\/wp-content\/uploads\/2020\/03\/arcep-ftth-t4-2019-300x200-1.jpg","datePublished":"2020-03-12T09:25:43+00:00","dateModified":"2020-03-12T09:26:41+00:00","breadcrumb":{"@id":"https:\/\/www.numerus21.fr\/forte-progression-de-la-fibre-au-quatrieme-trimestre-2019\/#breadcrumb"},"inLanguage":"en-US","potentialAction":[{"@type":"ReadAction","target":["https:\/\/www.numerus21.fr\/forte-progression-de-la-fibre-au-quatrieme-trimestre-2019\/"]}]},{"@type":"ImageObject","inLanguage":"en-US","@id":"https:\/\/www.numerus21.fr\/forte-progression-de-la-fibre-au-quatrieme-trimestre-2019\/#primaryimage","url":"https:\/\/www.numerus21.fr\/wp-content\/uploads\/2020\/03\/arcep-ftth-t4-2019-300x200-1.jpg","contentUrl":"https:\/\/www.numerus21.fr\/wp-content\/uploads\/2020\/03\/arcep-ftth-t4-2019-300x200-1.jpg","width":300,"height":200},{"@type":"BreadcrumbList","@id":"https:\/\/www.numerus21.fr\/forte-progression-de-la-fibre-au-quatrieme-trimestre-2019\/#breadcrumb","itemListElement":[{"@type":"ListItem","position":1,"name":"Accueil","item":"https:\/\/www.numerus21.fr\/"},{"@type":"ListItem","position":2,"name":"FORTE PROGRESSION DE LA FIBRE AU QUATRI\u00c8ME TRIMESTRE 2019"}]},{"@type":"WebSite","@id":"https:\/\/www.numerus21.fr\/#website","url":"https:\/\/www.numerus21.fr\/","name":"Numerus21.fr","description":"R\u00e9seaux &amp; T\u00e9l\u00e9coms","publisher":{"@id":"https:\/\/www.numerus21.fr\/#organization"},"potentialAction":[{"@type":"SearchAction","target":{"@type":"EntryPoint","urlTemplate":"https:\/\/www.numerus21.fr\/?s={search_term_string}"},"query-input":{"@type":"PropertyValueSpecification","valueRequired":true,"valueName":"search_term_string"}}],"inLanguage":"en-US"},{"@type":"Organization","@id":"https:\/\/www.numerus21.fr\/#organization","name":"numerus21","url":"https:\/\/www.numerus21.fr\/","logo":{"@type":"ImageObject","inLanguage":"en-US","@id":"https:\/\/www.numerus21.fr\/#\/schema\/logo\/image\/","url":"https:\/\/www.numerus21.fr\/wp-content\/uploads\/2019\/11\/logo.png","contentUrl":"https:\/\/www.numerus21.fr\/wp-content\/uploads\/2019\/11\/logo.png","width":260,"height":84,"caption":"numerus21"},"image":{"@id":"https:\/\/www.numerus21.fr\/#\/schema\/logo\/image\/"}},{"@type":"Person","@id":"https:\/\/www.numerus21.fr\/#\/schema\/person\/d386db7a1d58d3719cb6290f40e3a372","name":"Numerus21","image":{"@type":"ImageObject","inLanguage":"en-US","@id":"https:\/\/www.numerus21.fr\/#\/schema\/person\/image\/","url":"https:\/\/secure.gravatar.com\/avatar\/588d060fc617adb97f82b6621e541455?s=96&d=retro&r=g","contentUrl":"https:\/\/secure.gravatar.com\/avatar\/588d060fc617adb97f82b6621e541455?s=96&d=retro&r=g","caption":"Numerus21"}}]}},"_links":{"self":[{"href":"https:\/\/www.numerus21.fr\/en\/wp-json\/wp\/v2\/posts\/3168","targetHints":{"allow":["GET"]}}],"collection":[{"href":"https:\/\/www.numerus21.fr\/en\/wp-json\/wp\/v2\/posts"}],"about":[{"href":"https:\/\/www.numerus21.fr\/en\/wp-json\/wp\/v2\/types\/post"}],"author":[{"embeddable":true,"href":"https:\/\/www.numerus21.fr\/en\/wp-json\/wp\/v2\/users\/1"}],"replies":[{"embeddable":true,"href":"https:\/\/www.numerus21.fr\/en\/wp-json\/wp\/v2\/comments?post=3168"}],"version-history":[{"count":1,"href":"https:\/\/www.numerus21.fr\/en\/wp-json\/wp\/v2\/posts\/3168\/revisions"}],"predecessor-version":[{"id":3169,"href":"https:\/\/www.numerus21.fr\/en\/wp-json\/wp\/v2\/posts\/3168\/revisions\/3169"}],"wp:featuredmedia":[{"embeddable":true,"href":"https:\/\/www.numerus21.fr\/en\/wp-json\/wp\/v2\/media\/3170"}],"wp:attachment":[{"href":"https:\/\/www.numerus21.fr\/en\/wp-json\/wp\/v2\/media?parent=3168"}],"wp:term":[{"taxonomy":"category","embeddable":true,"href":"https:\/\/www.numerus21.fr\/en\/wp-json\/wp\/v2\/categories?post=3168"},{"taxonomy":"post_tag","embeddable":true,"href":"https:\/\/www.numerus21.fr\/en\/wp-json\/wp\/v2\/tags?post=3168"}],"curies":[{"name":"wp","href":"https:\/\/api.w.org\/{rel}","templated":true}]}}